{"id":1460,"date":"2019-03-17T11:28:46","date_gmt":"2019-03-17T10:28:46","guid":{"rendered":"http:\/\/www.vulkanlandsternwarte.at\/?p=1460"},"modified":"2019-03-17T12:03:05","modified_gmt":"2019-03-17T11:03:05","slug":"adieu-orion","status":"publish","type":"post","link":"https:\/\/www.vulkanlandsternwarte.at\/index.php\/wordpress\/2019\/03\/17\/adieu-orion\/","title":{"rendered":"Adieu Orion"},"content":{"rendered":"<p>Der Winter geht dem Ende zu und auch das Sternbild Orion geht langsam im Westen unter. Ein letztes mal konnte ich ihn mit meiner Reisemontierung und einer Canon Eos 200Da auf meiner Terrasse einfangen.<\/p>\n<figure id=\"attachment_1458\" aria-describedby=\"caption-attachment-1458\" style=\"width: 525px\" class=\"wp-caption alignnone\"><a href=\"https:\/\/www.vulkanlandsternwarte.at\/wordpress\/wp-content\/uploads\/2019\/03\/orion-neu.jpg\"><img loading=\"lazy\" decoding=\"async\" class=\"size-large wp-image-1458\" src=\"https:\/\/www.vulkanlandsternwarte.at\/wordpress\/wp-content\/uploads\/2019\/03\/orion-neu-1024x679.jpg\" alt=\"\" width=\"525\" height=\"348\" srcset=\"https:\/\/www.vulkanlandsternwarte.at\/wordpress\/wp-content\/uploads\/2019\/03\/orion-neu-1024x679.jpg 1024w, https:\/\/www.vulkanlandsternwarte.at\/wordpress\/wp-content\/uploads\/2019\/03\/orion-neu-300x199.jpg 300w, https:\/\/www.vulkanlandsternwarte.at\/wordpress\/wp-content\/uploads\/2019\/03\/orion-neu-768x509.jpg 768w\" sizes=\"auto, (max-width: 525px) 100vw, 525px\" \/><\/a><figcaption id=\"caption-attachment-1458\" class=\"wp-caption-text\">Hannes Schmidt<\/figcaption><\/figure>\n<p><!--more--><\/p>\n<p>Auf dem Bild sieht man nicht nur den gro\u00dfen Orionnebel sondern auch den Flammennebel und Pferdekopfnebel direkt neben dem linken G\u00fcrtelstern. Umrahmt wird das Sternbild von einem O-f\u00f6rmigen Emmissionsnebel, dem Barnard\u00b4s Loop.<\/p>\n","protected":false},"excerpt":{"rendered":"<p>Der Winter geht dem Ende zu und auch das Sternbild Orion geht langsam im Westen unter. Ein letztes mal konnte ich ihn mit meiner Reisemontierung und einer Canon Eos 200Da auf meiner Terrasse einfangen.<\/p>\n","protected":false},"author":3,"featured_media":0,"comment_status":"open","ping_status":"open","sticky":false,"template":"","format":"standard","meta":{"footnotes":""},"categories":[6],"tags":[],"class_list":["post-1460","post","type-post","status-publish","format-standard","hentry","category-beobachtungen"],"_links":{"self":[{"href":"https:\/\/www.vulkanlandsternwarte.at\/index.php\/wp-json\/wp\/v2\/posts\/1460","targetHints":{"allow":["GET"]}}],"collection":[{"href":"https:\/\/www.vulkanlandsternwarte.at\/index.php\/wp-json\/wp\/v2\/posts"}],"about":[{"href":"https:\/\/www.vulkanlandsternwarte.at\/index.php\/wp-json\/wp\/v2\/types\/post"}],"author":[{"embeddable":true,"href":"https:\/\/www.vulkanlandsternwarte.at\/index.php\/wp-json\/wp\/v2\/users\/3"}],"replies":[{"embeddable":true,"href":"https:\/\/www.vulkanlandsternwarte.at\/index.php\/wp-json\/wp\/v2\/comments?post=1460"}],"version-history":[{"count":2,"href":"https:\/\/www.vulkanlandsternwarte.at\/index.php\/wp-json\/wp\/v2\/posts\/1460\/revisions"}],"predecessor-version":[{"id":1467,"href":"https:\/\/www.vulkanlandsternwarte.at\/index.php\/wp-json\/wp\/v2\/posts\/1460\/revisions\/1467"}],"wp:attachment":[{"href":"https:\/\/www.vulkanlandsternwarte.at\/index.php\/wp-json\/wp\/v2\/media?parent=1460"}],"wp:term":[{"taxonomy":"category","embeddable":true,"href":"https:\/\/www.vulkanlandsternwarte.at\/index.php\/wp-json\/wp\/v2\/categories?post=1460"},{"taxonomy":"post_tag","embeddable":true,"href":"https:\/\/www.vulkanlandsternwarte.at\/index.php\/wp-json\/wp\/v2\/tags?post=1460"}],"curies":[{"name":"wp","href":"https:\/\/api.w.org\/{rel}","templated":true}]}}