{"id":1971,"date":"2020-01-12T21:38:03","date_gmt":"2020-01-12T20:38:03","guid":{"rendered":"http:\/\/www.vulkanlandsternwarte.at\/?p=1971"},"modified":"2020-01-12T21:42:41","modified_gmt":"2020-01-12T20:42:41","slug":"pferdekopfnebel","status":"publish","type":"post","link":"https:\/\/www.vulkanlandsternwarte.at\/index.php\/wordpress\/2020\/01\/12\/pferdekopfnebel\/","title":{"rendered":"Pferdekopfnebel"},"content":{"rendered":"<p><span style=\"font-size: 1rem;\">IC434 der Pferdekopfnebel ist wahrscheinlich der sch\u00f6nste Nebel am Winterhimmel. Er ist nicht ganz leicht zu fotografieren, weil der helle G\u00fcrtelstern Alnitak alles \u00fcberstrahlt.<\/span><\/p>\n<p>Das erste Bild ist 3,5 Stunden mit der modifizierten Canon 200D belichtet.<\/p>\n<figure id=\"attachment_1970\" aria-describedby=\"caption-attachment-1970\" style=\"width: 473px\" class=\"wp-caption alignnone\"><a href=\"https:\/\/www.vulkanlandsternwarte.at\/wordpress\/wp-content\/uploads\/2020\/01\/93957D81-1A29-4647-B046-4577531533AD.jpeg\"><img loading=\"lazy\" decoding=\"async\" class=\"size-large wp-image-1970\" src=\"https:\/\/www.vulkanlandsternwarte.at\/wordpress\/wp-content\/uploads\/2020\/01\/93957D81-1A29-4647-B046-4577531533AD-473x1024.jpeg\" alt=\"\" width=\"473\" height=\"1024\" srcset=\"https:\/\/www.vulkanlandsternwarte.at\/wordpress\/wp-content\/uploads\/2020\/01\/93957D81-1A29-4647-B046-4577531533AD-473x1024.jpeg 473w, https:\/\/www.vulkanlandsternwarte.at\/wordpress\/wp-content\/uploads\/2020\/01\/93957D81-1A29-4647-B046-4577531533AD-139x300.jpeg 139w, https:\/\/www.vulkanlandsternwarte.at\/wordpress\/wp-content\/uploads\/2020\/01\/93957D81-1A29-4647-B046-4577531533AD-768x1662.jpeg 768w, https:\/\/www.vulkanlandsternwarte.at\/wordpress\/wp-content\/uploads\/2020\/01\/93957D81-1A29-4647-B046-4577531533AD.jpeg 828w\" sizes=\"auto, (max-width: 473px) 100vw, 473px\" \/><\/a><figcaption id=\"caption-attachment-1970\" class=\"wp-caption-text\">55 x 4 Minuten, ISO1600, Eos 200Da, 60mm Photoline APO F6, Montierung Ioptron Cem60.<br \/>Hannes Schmidt<\/figcaption><\/figure>\n<p><!--more--><\/p>\n<p>Das zweite Bild ist eine Kombination meines 7,5 Stunden H-alpha Bildes mit der 3,5 Stunden RGB Aufnahme.<\/p>\n<figure id=\"attachment_1969\" aria-describedby=\"caption-attachment-1969\" style=\"width: 473px\" class=\"wp-caption alignnone\"><a href=\"https:\/\/www.vulkanlandsternwarte.at\/wordpress\/wp-content\/uploads\/2020\/01\/D3098520-BEDB-40D7-96B8-26DC23E6662E.png\"><img loading=\"lazy\" decoding=\"async\" class=\"size-large wp-image-1969\" src=\"https:\/\/www.vulkanlandsternwarte.at\/wordpress\/wp-content\/uploads\/2020\/01\/D3098520-BEDB-40D7-96B8-26DC23E6662E-473x1024.png\" alt=\"\" width=\"473\" height=\"1024\" srcset=\"https:\/\/www.vulkanlandsternwarte.at\/wordpress\/wp-content\/uploads\/2020\/01\/D3098520-BEDB-40D7-96B8-26DC23E6662E-473x1024.png 473w, https:\/\/www.vulkanlandsternwarte.at\/wordpress\/wp-content\/uploads\/2020\/01\/D3098520-BEDB-40D7-96B8-26DC23E6662E-139x300.png 139w, https:\/\/www.vulkanlandsternwarte.at\/wordpress\/wp-content\/uploads\/2020\/01\/D3098520-BEDB-40D7-96B8-26DC23E6662E-768x1662.png 768w, https:\/\/www.vulkanlandsternwarte.at\/wordpress\/wp-content\/uploads\/2020\/01\/D3098520-BEDB-40D7-96B8-26DC23E6662E.png 828w\" sizes=\"auto, (max-width: 473px) 100vw, 473px\" \/><\/a><figcaption id=\"caption-attachment-1969\" class=\"wp-caption-text\">113 x 4 Minuten H-alpha und 55 x 4 Minuten RGB komponiert, ISO1600, Eos 200Da, 60mm Photoline APO F6, Montierung Ioptron Cem60. Hannes Schmidt<\/figcaption><\/figure>\n<p>&nbsp;<\/p>\n<p>&nbsp;<\/p>\n","protected":false},"excerpt":{"rendered":"<p>IC434 der Pferdekopfnebel ist wahrscheinlich der sch\u00f6nste Nebel am Winterhimmel. Er ist nicht ganz leicht zu fotografieren, weil der helle G\u00fcrtelstern Alnitak alles \u00fcberstrahlt. Das erste Bild ist 3,5 Stunden mit der modifizierten Canon 200D belichtet.<\/p>\n","protected":false},"author":3,"featured_media":0,"comment_status":"open","ping_status":"open","sticky":false,"template":"","format":"standard","meta":{"footnotes":""},"categories":[21],"tags":[],"class_list":["post-1971","post","type-post","status-publish","format-standard","hentry","category-astrophotographie"],"_links":{"self":[{"href":"https:\/\/www.vulkanlandsternwarte.at\/index.php\/wp-json\/wp\/v2\/posts\/1971","targetHints":{"allow":["GET"]}}],"collection":[{"href":"https:\/\/www.vulkanlandsternwarte.at\/index.php\/wp-json\/wp\/v2\/posts"}],"about":[{"href":"https:\/\/www.vulkanlandsternwarte.at\/index.php\/wp-json\/wp\/v2\/types\/post"}],"author":[{"embeddable":true,"href":"https:\/\/www.vulkanlandsternwarte.at\/index.php\/wp-json\/wp\/v2\/users\/3"}],"replies":[{"embeddable":true,"href":"https:\/\/www.vulkanlandsternwarte.at\/index.php\/wp-json\/wp\/v2\/comments?post=1971"}],"version-history":[{"count":3,"href":"https:\/\/www.vulkanlandsternwarte.at\/index.php\/wp-json\/wp\/v2\/posts\/1971\/revisions"}],"predecessor-version":[{"id":1974,"href":"https:\/\/www.vulkanlandsternwarte.at\/index.php\/wp-json\/wp\/v2\/posts\/1971\/revisions\/1974"}],"wp:attachment":[{"href":"https:\/\/www.vulkanlandsternwarte.at\/index.php\/wp-json\/wp\/v2\/media?parent=1971"}],"wp:term":[{"taxonomy":"category","embeddable":true,"href":"https:\/\/www.vulkanlandsternwarte.at\/index.php\/wp-json\/wp\/v2\/categories?post=1971"},{"taxonomy":"post_tag","embeddable":true,"href":"https:\/\/www.vulkanlandsternwarte.at\/index.php\/wp-json\/wp\/v2\/tags?post=1971"}],"curies":[{"name":"wp","href":"https:\/\/api.w.org\/{rel}","templated":true}]}}