{"id":2373,"date":"2020-05-10T10:02:14","date_gmt":"2020-05-10T08:02:14","guid":{"rendered":"http:\/\/www.vulkanlandsternwarte.at\/?p=2373"},"modified":"2021-09-30T16:49:21","modified_gmt":"2021-09-30T14:49:21","slug":"makellose-sonne-am-9-mai-2020","status":"publish","type":"post","link":"https:\/\/www.vulkanlandsternwarte.at\/index.php\/wordpress\/2020\/05\/10\/makellose-sonne-am-9-mai-2020\/","title":{"rendered":"&#8222;Makellose&#8220; Sonne am 9. Mai 2020"},"content":{"rendered":"<p>Aktuell befinden wir uns im Minimum der Sonnenaktivit\u00e4t, die einen rund 11-j\u00e4hrigen Zyklus aufweist. Nicht nur das, selbst dieses Minimum f\u00e4llt minimal aus. Dies gab es schon des \u00f6fteren, wie die zur\u00fcckreichenden Aufzeichnungen der vergangenen Jahrhunderte zeigen. In den kommenden Jahren steigt die Aktivit\u00e4t auf der Sonnenoberfl\u00e4che wieder an und wird dann zB zahlreiche Sonnenflecken hervorbringen. Auf dieser Aufnahme vom 9. Mai ist die Sonne komplett fleckenfrei zu sehen:<\/p>\n<figure id=\"attachment_2374\" aria-describedby=\"caption-attachment-2374\" style=\"width: 525px\" class=\"wp-caption alignnone\"><a href=\"https:\/\/www.vulkanlandsternwarte.at\/wordpress\/wp-content\/uploads\/2020\/05\/Mosaic_0905.jpg\"><img loading=\"lazy\" decoding=\"async\" class=\"size-large wp-image-2374\" src=\"https:\/\/www.vulkanlandsternwarte.at\/wordpress\/wp-content\/uploads\/2020\/05\/Mosaic_0905-1024x1024.jpg\" alt=\"\" width=\"525\" height=\"525\" srcset=\"https:\/\/www.vulkanlandsternwarte.at\/wordpress\/wp-content\/uploads\/2020\/05\/Mosaic_0905-1024x1024.jpg 1024w, https:\/\/www.vulkanlandsternwarte.at\/wordpress\/wp-content\/uploads\/2020\/05\/Mosaic_0905-150x150.jpg 150w, https:\/\/www.vulkanlandsternwarte.at\/wordpress\/wp-content\/uploads\/2020\/05\/Mosaic_0905-300x300.jpg 300w, https:\/\/www.vulkanlandsternwarte.at\/wordpress\/wp-content\/uploads\/2020\/05\/Mosaic_0905-768x768.jpg 768w, https:\/\/www.vulkanlandsternwarte.at\/wordpress\/wp-content\/uploads\/2020\/05\/Mosaic_0905-100x100.jpg 100w\" sizes=\"auto, (max-width: 525px) 100vw, 525px\" \/><\/a><figcaption id=\"caption-attachment-2374\" class=\"wp-caption-text\">4 Zoll ED APO Triplett auf EQ8 + Herschelkeil , Sonne im Kontinuum (Wei\u00dflicht)<\/figcaption><\/figure>\n","protected":false},"excerpt":{"rendered":"<p>Aktuell befinden wir uns im Minimum der Sonnenaktivit\u00e4t, die einen rund 11-j\u00e4hrigen Zyklus aufweist. Nicht nur das, selbst dieses Minimum f\u00e4llt minimal aus. Dies gab es schon des \u00f6fteren, wie die zur\u00fcckreichenden Aufzeichnungen der vergangenen Jahrhunderte zeigen. In den kommenden Jahren steigt die Aktivit\u00e4t auf der Sonnenoberfl\u00e4che wieder an und wird dann zB zahlreiche Sonnenflecken &hellip; <\/p>\n<p class=\"link-more\"><a href=\"https:\/\/www.vulkanlandsternwarte.at\/index.php\/wordpress\/2020\/05\/10\/makellose-sonne-am-9-mai-2020\/\" class=\"more-link\">Read more<span class=\"screen-reader-text\"> &#8222;&#8222;Makellose&#8220; Sonne am 9. Mai 2020&#8243;<\/span><\/a><\/p>\n","protected":false},"author":9,"featured_media":0,"comment_status":"open","ping_status":"open","sticky":false,"template":"","format":"image","meta":{"footnotes":""},"categories":[47,8],"tags":[],"class_list":["post-2373","post","type-post","status-publish","format-image","hentry","category-sonne","category-sonnenbeobachtung","post_format-post-format-image"],"_links":{"self":[{"href":"https:\/\/www.vulkanlandsternwarte.at\/index.php\/wp-json\/wp\/v2\/posts\/2373","targetHints":{"allow":["GET"]}}],"collection":[{"href":"https:\/\/www.vulkanlandsternwarte.at\/index.php\/wp-json\/wp\/v2\/posts"}],"about":[{"href":"https:\/\/www.vulkanlandsternwarte.at\/index.php\/wp-json\/wp\/v2\/types\/post"}],"author":[{"embeddable":true,"href":"https:\/\/www.vulkanlandsternwarte.at\/index.php\/wp-json\/wp\/v2\/users\/9"}],"replies":[{"embeddable":true,"href":"https:\/\/www.vulkanlandsternwarte.at\/index.php\/wp-json\/wp\/v2\/comments?post=2373"}],"version-history":[{"count":7,"href":"https:\/\/www.vulkanlandsternwarte.at\/index.php\/wp-json\/wp\/v2\/posts\/2373\/revisions"}],"predecessor-version":[{"id":3559,"href":"https:\/\/www.vulkanlandsternwarte.at\/index.php\/wp-json\/wp\/v2\/posts\/2373\/revisions\/3559"}],"wp:attachment":[{"href":"https:\/\/www.vulkanlandsternwarte.at\/index.php\/wp-json\/wp\/v2\/media?parent=2373"}],"wp:term":[{"taxonomy":"category","embeddable":true,"href":"https:\/\/www.vulkanlandsternwarte.at\/index.php\/wp-json\/wp\/v2\/categories?post=2373"},{"taxonomy":"post_tag","embeddable":true,"href":"https:\/\/www.vulkanlandsternwarte.at\/index.php\/wp-json\/wp\/v2\/tags?post=2373"}],"curies":[{"name":"wp","href":"https:\/\/api.w.org\/{rel}","templated":true}]}}