{"id":2470,"date":"2020-06-04T17:33:53","date_gmt":"2020-06-04T15:33:53","guid":{"rendered":"http:\/\/www.vulkanlandsternwarte.at\/?p=2470"},"modified":"2021-09-30T16:48:51","modified_gmt":"2021-09-30T14:48:51","slug":"erster-groesserer-sonnenfleck-vom-neuen-zyklus-25","status":"publish","type":"post","link":"https:\/\/www.vulkanlandsternwarte.at\/index.php\/wordpress\/2020\/06\/04\/erster-groesserer-sonnenfleck-vom-neuen-zyklus-25\/","title":{"rendered":"Erster gr\u00f6\u00dferer Sonnenfleck vom neuen Zyklus 25"},"content":{"rendered":"<p>In einer kurzen Wolkenl\u00fccke habe ich heute die erste gr\u00f6\u00dfere Fleckengruppe vom 25. Zyklus &#8211; AR2765, im Licht der Ca-Linie, aufgenommen:<\/p>\n<figure id=\"attachment_2471\" aria-describedby=\"caption-attachment-2471\" style=\"width: 525px\" class=\"wp-caption alignnone\"><a href=\"https:\/\/www.vulkanlandsternwarte.at\/wordpress\/wp-content\/uploads\/2020\/06\/Sonne_0406_2020.jpg\"><img loading=\"lazy\" decoding=\"async\" class=\"size-large wp-image-2471\" src=\"https:\/\/www.vulkanlandsternwarte.at\/wordpress\/wp-content\/uploads\/2020\/06\/Sonne_0406_2020-1024x1024.jpg\" alt=\"\" width=\"525\" height=\"525\" srcset=\"https:\/\/www.vulkanlandsternwarte.at\/wordpress\/wp-content\/uploads\/2020\/06\/Sonne_0406_2020-1024x1024.jpg 1024w, https:\/\/www.vulkanlandsternwarte.at\/wordpress\/wp-content\/uploads\/2020\/06\/Sonne_0406_2020-150x150.jpg 150w, https:\/\/www.vulkanlandsternwarte.at\/wordpress\/wp-content\/uploads\/2020\/06\/Sonne_0406_2020-300x300.jpg 300w, https:\/\/www.vulkanlandsternwarte.at\/wordpress\/wp-content\/uploads\/2020\/06\/Sonne_0406_2020-768x768.jpg 768w, https:\/\/www.vulkanlandsternwarte.at\/wordpress\/wp-content\/uploads\/2020\/06\/Sonne_0406_2020-100x100.jpg 100w, https:\/\/www.vulkanlandsternwarte.at\/wordpress\/wp-content\/uploads\/2020\/06\/Sonne_0406_2020.jpg 1500w\" sizes=\"auto, (max-width: 525px) 100vw, 525px\" \/><\/a><figcaption id=\"caption-attachment-2471\" class=\"wp-caption-text\">4 Zoll ED APO Triplett + Webcam<\/figcaption><\/figure>\n","protected":false},"excerpt":{"rendered":"<p>In einer kurzen Wolkenl\u00fccke habe ich heute die erste gr\u00f6\u00dfere Fleckengruppe vom 25. Zyklus &#8211; AR2765, im Licht der Ca-Linie, aufgenommen:<\/p>\n","protected":false},"author":9,"featured_media":0,"comment_status":"open","ping_status":"open","sticky":false,"template":"","format":"image","meta":{"footnotes":""},"categories":[47,8],"tags":[],"class_list":["post-2470","post","type-post","status-publish","format-image","hentry","category-sonne","category-sonnenbeobachtung","post_format-post-format-image"],"_links":{"self":[{"href":"https:\/\/www.vulkanlandsternwarte.at\/index.php\/wp-json\/wp\/v2\/posts\/2470","targetHints":{"allow":["GET"]}}],"collection":[{"href":"https:\/\/www.vulkanlandsternwarte.at\/index.php\/wp-json\/wp\/v2\/posts"}],"about":[{"href":"https:\/\/www.vulkanlandsternwarte.at\/index.php\/wp-json\/wp\/v2\/types\/post"}],"author":[{"embeddable":true,"href":"https:\/\/www.vulkanlandsternwarte.at\/index.php\/wp-json\/wp\/v2\/users\/9"}],"replies":[{"embeddable":true,"href":"https:\/\/www.vulkanlandsternwarte.at\/index.php\/wp-json\/wp\/v2\/comments?post=2470"}],"version-history":[{"count":3,"href":"https:\/\/www.vulkanlandsternwarte.at\/index.php\/wp-json\/wp\/v2\/posts\/2470\/revisions"}],"predecessor-version":[{"id":3555,"href":"https:\/\/www.vulkanlandsternwarte.at\/index.php\/wp-json\/wp\/v2\/posts\/2470\/revisions\/3555"}],"wp:attachment":[{"href":"https:\/\/www.vulkanlandsternwarte.at\/index.php\/wp-json\/wp\/v2\/media?parent=2470"}],"wp:term":[{"taxonomy":"category","embeddable":true,"href":"https:\/\/www.vulkanlandsternwarte.at\/index.php\/wp-json\/wp\/v2\/categories?post=2470"},{"taxonomy":"post_tag","embeddable":true,"href":"https:\/\/www.vulkanlandsternwarte.at\/index.php\/wp-json\/wp\/v2\/tags?post=2470"}],"curies":[{"name":"wp","href":"https:\/\/api.w.org\/{rel}","templated":true}]}}