{"id":2772,"date":"2020-09-01T08:56:36","date_gmt":"2020-09-01T06:56:36","guid":{"rendered":"http:\/\/www.vulkanlandsternwarte.at\/?p=2772"},"modified":"2021-09-30T16:47:02","modified_gmt":"2021-09-30T14:47:02","slug":"das-auge-gottes-oder-auch-eye-of-sauron","status":"publish","type":"post","link":"https:\/\/www.vulkanlandsternwarte.at\/index.php\/wordpress\/2020\/09\/01\/das-auge-gottes-oder-auch-eye-of-sauron\/","title":{"rendered":"Das &#8222;Auge Gottes&#8220; oder auch &#8222;Eye of Sauron&#8220;!"},"content":{"rendered":"<p>Der Helix-Nebel im Sternbild Wassermann ist der, ob seiner relativen N\u00e4he (650 Lichtjahre), gr\u00f6\u00dfte planetarische Nebel der n\u00f6rdlichen Hemisph\u00e4re. Die Ansammlung an ionisierten Gasen hat eine Form entwickelt, die zu so dramatischen Bezeichnungen wie &#8222;Auge Gottes&#8220; gef\u00fchrt haben.&nbsp; Auch unsere Sonne wird eines fernen Tages einen solchen Nebel hervorbringen, von welcher Gestalt kann heute noch nicht gesagt werden.<\/p>\n<figure id=\"attachment_2773\" aria-describedby=\"caption-attachment-2773\" style=\"width: 525px\" class=\"wp-caption alignnone\"><a href=\"https:\/\/www.vulkanlandsternwarte.at\/wordpress\/wp-content\/uploads\/2020\/09\/Helix_Nebula.jpg\"><img loading=\"lazy\" decoding=\"async\" class=\"size-large wp-image-2773\" src=\"https:\/\/www.vulkanlandsternwarte.at\/wordpress\/wp-content\/uploads\/2020\/09\/Helix_Nebula-1024x682.jpg\" alt=\"\" width=\"525\" height=\"350\" srcset=\"https:\/\/www.vulkanlandsternwarte.at\/wordpress\/wp-content\/uploads\/2020\/09\/Helix_Nebula-1024x682.jpg 1024w, https:\/\/www.vulkanlandsternwarte.at\/wordpress\/wp-content\/uploads\/2020\/09\/Helix_Nebula-300x200.jpg 300w, https:\/\/www.vulkanlandsternwarte.at\/wordpress\/wp-content\/uploads\/2020\/09\/Helix_Nebula-768x512.jpg 768w, https:\/\/www.vulkanlandsternwarte.at\/wordpress\/wp-content\/uploads\/2020\/09\/Helix_Nebula.jpg 2000w\" sizes=\"auto, (max-width: 525px) 100vw, 525px\" \/><\/a><figcaption id=\"caption-attachment-2773\" class=\"wp-caption-text\">6 Zoll ED Super APO Triplett auf mobiler S\u00e4ule + DSLR<\/figcaption><\/figure>\n","protected":false},"excerpt":{"rendered":"<p>Der Helix-Nebel im Sternbild Wassermann ist der, ob seiner relativen N\u00e4he (650 Lichtjahre), gr\u00f6\u00dfte planetarische Nebel der n\u00f6rdlichen Hemisph\u00e4re. Die Ansammlung an ionisierten Gasen hat eine Form entwickelt, die zu so dramatischen Bezeichnungen wie &#8222;Auge Gottes&#8220; gef\u00fchrt haben.&nbsp; Auch unsere Sonne wird eines fernen Tages einen solchen Nebel hervorbringen, von welcher Gestalt kann heute noch &hellip; <\/p>\n<p class=\"link-more\"><a href=\"https:\/\/www.vulkanlandsternwarte.at\/index.php\/wordpress\/2020\/09\/01\/das-auge-gottes-oder-auch-eye-of-sauron\/\" class=\"more-link\">Read more<span class=\"screen-reader-text\"> &#8222;Das &#8222;Auge Gottes&#8220; oder auch &#8222;Eye of Sauron&#8220;!&#8220;<\/span><\/a><\/p>\n","protected":false},"author":9,"featured_media":0,"comment_status":"open","ping_status":"open","sticky":false,"template":"","format":"image","meta":{"footnotes":""},"categories":[21],"tags":[],"class_list":["post-2772","post","type-post","status-publish","format-image","hentry","category-astrophotographie","post_format-post-format-image"],"_links":{"self":[{"href":"https:\/\/www.vulkanlandsternwarte.at\/index.php\/wp-json\/wp\/v2\/posts\/2772","targetHints":{"allow":["GET"]}}],"collection":[{"href":"https:\/\/www.vulkanlandsternwarte.at\/index.php\/wp-json\/wp\/v2\/posts"}],"about":[{"href":"https:\/\/www.vulkanlandsternwarte.at\/index.php\/wp-json\/wp\/v2\/types\/post"}],"author":[{"embeddable":true,"href":"https:\/\/www.vulkanlandsternwarte.at\/index.php\/wp-json\/wp\/v2\/users\/9"}],"replies":[{"embeddable":true,"href":"https:\/\/www.vulkanlandsternwarte.at\/index.php\/wp-json\/wp\/v2\/comments?post=2772"}],"version-history":[{"count":2,"href":"https:\/\/www.vulkanlandsternwarte.at\/index.php\/wp-json\/wp\/v2\/posts\/2772\/revisions"}],"predecessor-version":[{"id":3541,"href":"https:\/\/www.vulkanlandsternwarte.at\/index.php\/wp-json\/wp\/v2\/posts\/2772\/revisions\/3541"}],"wp:attachment":[{"href":"https:\/\/www.vulkanlandsternwarte.at\/index.php\/wp-json\/wp\/v2\/media?parent=2772"}],"wp:term":[{"taxonomy":"category","embeddable":true,"href":"https:\/\/www.vulkanlandsternwarte.at\/index.php\/wp-json\/wp\/v2\/categories?post=2772"},{"taxonomy":"post_tag","embeddable":true,"href":"https:\/\/www.vulkanlandsternwarte.at\/index.php\/wp-json\/wp\/v2\/tags?post=2772"}],"curies":[{"name":"wp","href":"https:\/\/api.w.org\/{rel}","templated":true}]}}