{"id":2922,"date":"2020-10-31T17:33:49","date_gmt":"2020-10-31T16:33:49","guid":{"rendered":"http:\/\/www.vulkanlandsternwarte.at\/?p=2922"},"modified":"2020-11-06T21:32:57","modified_gmt":"2020-11-06T20:32:57","slug":"die-sonne-am-31-oktober-2020","status":"publish","type":"post","link":"https:\/\/www.vulkanlandsternwarte.at\/index.php\/wordpress\/2020\/10\/31\/die-sonne-am-31-oktober-2020\/","title":{"rendered":"Die Sonne am 31. Oktober 2020"},"content":{"rendered":"<p>Leider sehr sp\u00e4t, wegen des schlechten Wetters in den vergangenen Tagen, aber doch noch, konnte heute die bis dato gr\u00f6\u00dfte Sonnenfleckengruppe des neuen 25. Zyklus bildlich festgehalten werden.<\/p>\n<figure id=\"attachment_2923\" aria-describedby=\"caption-attachment-2923\" style=\"width: 525px\" class=\"wp-caption alignnone\"><a href=\"https:\/\/www.vulkanlandsternwarte.at\/wordpress\/wp-content\/uploads\/2020\/10\/2020-10-31-0851_-AT-L-Sun_ZWO-ASI178MM_CaK_H.jpg\"><img loading=\"lazy\" decoding=\"async\" class=\"size-large wp-image-2923\" src=\"https:\/\/www.vulkanlandsternwarte.at\/wordpress\/wp-content\/uploads\/2020\/10\/2020-10-31-0851_-AT-L-Sun_ZWO-ASI178MM_CaK_H-1024x681.jpg\" alt=\"\" width=\"525\" height=\"349\" srcset=\"https:\/\/www.vulkanlandsternwarte.at\/wordpress\/wp-content\/uploads\/2020\/10\/2020-10-31-0851_-AT-L-Sun_ZWO-ASI178MM_CaK_H-1024x681.jpg 1024w, https:\/\/www.vulkanlandsternwarte.at\/wordpress\/wp-content\/uploads\/2020\/10\/2020-10-31-0851_-AT-L-Sun_ZWO-ASI178MM_CaK_H-300x199.jpg 300w, https:\/\/www.vulkanlandsternwarte.at\/wordpress\/wp-content\/uploads\/2020\/10\/2020-10-31-0851_-AT-L-Sun_ZWO-ASI178MM_CaK_H-768x510.jpg 768w, https:\/\/www.vulkanlandsternwarte.at\/wordpress\/wp-content\/uploads\/2020\/10\/2020-10-31-0851_-AT-L-Sun_ZWO-ASI178MM_CaK_H.jpg 1500w\" sizes=\"auto, (max-width: 525px) 100vw, 525px\" \/><\/a><figcaption id=\"caption-attachment-2923\" class=\"wp-caption-text\">4 Zoll ED APO Triplett + Webcam<\/figcaption><\/figure>\n<p>&nbsp;<\/p>\n","protected":false},"excerpt":{"rendered":"<p>Leider sehr sp\u00e4t, wegen des schlechten Wetters in den vergangenen Tagen, aber doch noch, konnte heute die bis dato gr\u00f6\u00dfte Sonnenfleckengruppe des neuen 25. Zyklus bildlich festgehalten werden. &nbsp;<\/p>\n","protected":false},"author":9,"featured_media":0,"comment_status":"open","ping_status":"open","sticky":false,"template":"","format":"standard","meta":{"footnotes":""},"categories":[47],"tags":[],"class_list":["post-2922","post","type-post","status-publish","format-standard","hentry","category-sonne"],"_links":{"self":[{"href":"https:\/\/www.vulkanlandsternwarte.at\/index.php\/wp-json\/wp\/v2\/posts\/2922","targetHints":{"allow":["GET"]}}],"collection":[{"href":"https:\/\/www.vulkanlandsternwarte.at\/index.php\/wp-json\/wp\/v2\/posts"}],"about":[{"href":"https:\/\/www.vulkanlandsternwarte.at\/index.php\/wp-json\/wp\/v2\/types\/post"}],"author":[{"embeddable":true,"href":"https:\/\/www.vulkanlandsternwarte.at\/index.php\/wp-json\/wp\/v2\/users\/9"}],"replies":[{"embeddable":true,"href":"https:\/\/www.vulkanlandsternwarte.at\/index.php\/wp-json\/wp\/v2\/comments?post=2922"}],"version-history":[{"count":1,"href":"https:\/\/www.vulkanlandsternwarte.at\/index.php\/wp-json\/wp\/v2\/posts\/2922\/revisions"}],"predecessor-version":[{"id":2924,"href":"https:\/\/www.vulkanlandsternwarte.at\/index.php\/wp-json\/wp\/v2\/posts\/2922\/revisions\/2924"}],"wp:attachment":[{"href":"https:\/\/www.vulkanlandsternwarte.at\/index.php\/wp-json\/wp\/v2\/media?parent=2922"}],"wp:term":[{"taxonomy":"category","embeddable":true,"href":"https:\/\/www.vulkanlandsternwarte.at\/index.php\/wp-json\/wp\/v2\/categories?post=2922"},{"taxonomy":"post_tag","embeddable":true,"href":"https:\/\/www.vulkanlandsternwarte.at\/index.php\/wp-json\/wp\/v2\/tags?post=2922"}],"curies":[{"name":"wp","href":"https:\/\/api.w.org\/{rel}","templated":true}]}}