{"id":2926,"date":"2020-11-06T17:31:54","date_gmt":"2020-11-06T16:31:54","guid":{"rendered":"http:\/\/www.vulkanlandsternwarte.at\/?p=2926"},"modified":"2021-09-30T16:46:27","modified_gmt":"2021-09-30T14:46:27","slug":"fleckengruppe-ar2781-am-6-november-2020","status":"publish","type":"post","link":"https:\/\/www.vulkanlandsternwarte.at\/index.php\/wordpress\/2020\/11\/06\/fleckengruppe-ar2781-am-6-november-2020\/","title":{"rendered":"Fleckengruppe AR2781 am 6. November 2020"},"content":{"rendered":"<p>Der neue 25. Zyklus gewinnt langsam an Fahrt. Eine weitere gro\u00dfe Fleckengruppe hat sich gebildet und bewegt sich in den kommenden Tagen langsam \u00fcber die Sonnenoberfl\u00e4che.<\/p>\n<figure id=\"attachment_2929\" aria-describedby=\"caption-attachment-2929\" style=\"width: 525px\" class=\"wp-caption alignnone\"><a href=\"https:\/\/www.vulkanlandsternwarte.at\/wordpress\/wp-content\/uploads\/2020\/11\/2020-11-06-1008_Sun_ESPRIT100_CaK.jpg\"><img loading=\"lazy\" decoding=\"async\" class=\"size-large wp-image-2929\" src=\"https:\/\/www.vulkanlandsternwarte.at\/wordpress\/wp-content\/uploads\/2020\/11\/2020-11-06-1008_Sun_ESPRIT100_CaK-1024x683.jpg\" alt=\"\" width=\"525\" height=\"350\" srcset=\"https:\/\/www.vulkanlandsternwarte.at\/wordpress\/wp-content\/uploads\/2020\/11\/2020-11-06-1008_Sun_ESPRIT100_CaK-1024x683.jpg 1024w, https:\/\/www.vulkanlandsternwarte.at\/wordpress\/wp-content\/uploads\/2020\/11\/2020-11-06-1008_Sun_ESPRIT100_CaK-300x200.jpg 300w, https:\/\/www.vulkanlandsternwarte.at\/wordpress\/wp-content\/uploads\/2020\/11\/2020-11-06-1008_Sun_ESPRIT100_CaK-768x512.jpg 768w, https:\/\/www.vulkanlandsternwarte.at\/wordpress\/wp-content\/uploads\/2020\/11\/2020-11-06-1008_Sun_ESPRIT100_CaK.jpg 1500w\" sizes=\"auto, (max-width: 525px) 100vw, 525px\" \/><\/a><figcaption id=\"caption-attachment-2929\" class=\"wp-caption-text\">4 Zoll ED Super APO Triplett + Webcam<\/figcaption><\/figure>\n<p><a href=\"https:\/\/www.vulkanlandsternwarte.at\/wordpress\/wp-content\/uploads\/2020\/11\/Sun_1106_2020.jpg\"><img loading=\"lazy\" decoding=\"async\" class=\"alignnone size-large wp-image-2931\" src=\"https:\/\/www.vulkanlandsternwarte.at\/wordpress\/wp-content\/uploads\/2020\/11\/Sun_1106_2020-682x1024.jpg\" alt=\"\" width=\"525\" height=\"788\" srcset=\"https:\/\/www.vulkanlandsternwarte.at\/wordpress\/wp-content\/uploads\/2020\/11\/Sun_1106_2020-682x1024.jpg 682w, https:\/\/www.vulkanlandsternwarte.at\/wordpress\/wp-content\/uploads\/2020\/11\/Sun_1106_2020-200x300.jpg 200w, https:\/\/www.vulkanlandsternwarte.at\/wordpress\/wp-content\/uploads\/2020\/11\/Sun_1106_2020-768x1152.jpg 768w, https:\/\/www.vulkanlandsternwarte.at\/wordpress\/wp-content\/uploads\/2020\/11\/Sun_1106_2020.jpg 1333w\" sizes=\"auto, (max-width: 525px) 100vw, 525px\" \/><\/a><\/p>\n","protected":false},"excerpt":{"rendered":"<p>Der neue 25. Zyklus gewinnt langsam an Fahrt. Eine weitere gro\u00dfe Fleckengruppe hat sich gebildet und bewegt sich in den kommenden Tagen langsam \u00fcber die Sonnenoberfl\u00e4che.<\/p>\n","protected":false},"author":9,"featured_media":0,"comment_status":"open","ping_status":"open","sticky":false,"template":"","format":"image","meta":{"footnotes":""},"categories":[47,8],"tags":[],"class_list":["post-2926","post","type-post","status-publish","format-image","hentry","category-sonne","category-sonnenbeobachtung","post_format-post-format-image"],"_links":{"self":[{"href":"https:\/\/www.vulkanlandsternwarte.at\/index.php\/wp-json\/wp\/v2\/posts\/2926","targetHints":{"allow":["GET"]}}],"collection":[{"href":"https:\/\/www.vulkanlandsternwarte.at\/index.php\/wp-json\/wp\/v2\/posts"}],"about":[{"href":"https:\/\/www.vulkanlandsternwarte.at\/index.php\/wp-json\/wp\/v2\/types\/post"}],"author":[{"embeddable":true,"href":"https:\/\/www.vulkanlandsternwarte.at\/index.php\/wp-json\/wp\/v2\/users\/9"}],"replies":[{"embeddable":true,"href":"https:\/\/www.vulkanlandsternwarte.at\/index.php\/wp-json\/wp\/v2\/comments?post=2926"}],"version-history":[{"count":4,"href":"https:\/\/www.vulkanlandsternwarte.at\/index.php\/wp-json\/wp\/v2\/posts\/2926\/revisions"}],"predecessor-version":[{"id":3537,"href":"https:\/\/www.vulkanlandsternwarte.at\/index.php\/wp-json\/wp\/v2\/posts\/2926\/revisions\/3537"}],"wp:attachment":[{"href":"https:\/\/www.vulkanlandsternwarte.at\/index.php\/wp-json\/wp\/v2\/media?parent=2926"}],"wp:term":[{"taxonomy":"category","embeddable":true,"href":"https:\/\/www.vulkanlandsternwarte.at\/index.php\/wp-json\/wp\/v2\/categories?post=2926"},{"taxonomy":"post_tag","embeddable":true,"href":"https:\/\/www.vulkanlandsternwarte.at\/index.php\/wp-json\/wp\/v2\/tags?post=2926"}],"curies":[{"name":"wp","href":"https:\/\/api.w.org\/{rel}","templated":true}]}}