{"id":319,"date":"2017-10-29T16:43:21","date_gmt":"2017-10-29T15:43:21","guid":{"rendered":"http:\/\/www.vulkanlandsternwarte.at\/?p=319"},"modified":"2018-01-01T21:35:52","modified_gmt":"2018-01-01T20:35:52","slug":"groesste-sonnenaktivitaet-seit-jahren-5-09-2017","status":"publish","type":"post","link":"https:\/\/www.vulkanlandsternwarte.at\/index.php\/wordpress\/2017\/10\/29\/groesste-sonnenaktivitaet-seit-jahren-5-09-2017\/","title":{"rendered":"Gr\u00f6\u00dfte Sonnenaktivit\u00e4t  seit Jahren 5.09.2017"},"content":{"rendered":"<div id='gallery-1' class='gallery galleryid-319 gallery-columns-3 gallery-size-thumbnail'><figure class='gallery-item'>\n\t\t\t<div class='gallery-icon landscape'>\n\t\t\t\t<a href='https:\/\/www.vulkanlandsternwarte.at\/index.php\/wordpress\/2017\/10\/29\/groesste-sonnenaktivitaet-seit-jahren-5-09-2017\/sonne_05092017obearba_photoshop_colour\/'><img loading=\"lazy\" decoding=\"async\" width=\"150\" height=\"150\" src=\"https:\/\/www.vulkanlandsternwarte.at\/wordpress\/wp-content\/uploads\/2017\/10\/sonne_05092017obearba_photoshop_colour-150x150.jpg\" class=\"attachment-thumbnail size-thumbnail\" alt=\"\" srcset=\"https:\/\/www.vulkanlandsternwarte.at\/wordpress\/wp-content\/uploads\/2017\/10\/sonne_05092017obearba_photoshop_colour-150x150.jpg 150w, https:\/\/www.vulkanlandsternwarte.at\/wordpress\/wp-content\/uploads\/2017\/10\/sonne_05092017obearba_photoshop_colour-100x100.jpg 100w\" sizes=\"auto, 100vw\" \/><\/a>\n\t\t\t<\/div><\/figure><figure class='gallery-item'>\n\t\t\t<div class='gallery-icon portrait'>\n\t\t\t\t<a href='https:\/\/www.vulkanlandsternwarte.at\/index.php\/wordpress\/2017\/10\/29\/groesste-sonnenaktivitaet-seit-jahren-5-09-2017\/sonne_05092017abearb_gesamt\/'><img loading=\"lazy\" decoding=\"async\" width=\"150\" height=\"150\" src=\"https:\/\/www.vulkanlandsternwarte.at\/wordpress\/wp-content\/uploads\/2017\/10\/sonne_05092017abearb_gesamt-150x150.jpg\" class=\"attachment-thumbnail size-thumbnail\" alt=\"\" srcset=\"https:\/\/www.vulkanlandsternwarte.at\/wordpress\/wp-content\/uploads\/2017\/10\/sonne_05092017abearb_gesamt-150x150.jpg 150w, https:\/\/www.vulkanlandsternwarte.at\/wordpress\/wp-content\/uploads\/2017\/10\/sonne_05092017abearb_gesamt-100x100.jpg 100w\" sizes=\"auto, 100vw\" \/><\/a>\n\t\t\t<\/div><\/figure><figure class='gallery-item'>\n\t\t\t<div class='gallery-icon landscape'>\n\t\t\t\t<a href='https:\/\/www.vulkanlandsternwarte.at\/index.php\/wordpress\/2017\/10\/29\/groesste-sonnenaktivitaet-seit-jahren-5-09-2017\/sonne_05092017fbearb\/'><img loading=\"lazy\" decoding=\"async\" width=\"150\" height=\"150\" src=\"https:\/\/www.vulkanlandsternwarte.at\/wordpress\/wp-content\/uploads\/2017\/10\/sonne_05092017fbearb-150x150.bmp\" class=\"attachment-thumbnail size-thumbnail\" alt=\"\" srcset=\"https:\/\/www.vulkanlandsternwarte.at\/wordpress\/wp-content\/uploads\/2017\/10\/sonne_05092017fbearb-150x150.bmp 150w, https:\/\/www.vulkanlandsternwarte.at\/wordpress\/wp-content\/uploads\/2017\/10\/sonne_05092017fbearb-100x100.bmp 100w\" sizes=\"auto, 100vw\" \/><\/a>\n\t\t\t<\/div><\/figure><figure class='gallery-item'>\n\t\t\t<div class='gallery-icon landscape'>\n\t\t\t\t<a href='https:\/\/www.vulkanlandsternwarte.at\/index.php\/wordpress\/2017\/10\/29\/groesste-sonnenaktivitaet-seit-jahren-5-09-2017\/sonne_05092017obearb_paint_color_detail\/'><img loading=\"lazy\" decoding=\"async\" width=\"150\" height=\"150\" src=\"https:\/\/www.vulkanlandsternwarte.at\/wordpress\/wp-content\/uploads\/2017\/10\/sonne_05092017obearb_paint_color_detail-150x150.jpg\" class=\"attachment-thumbnail size-thumbnail\" alt=\"\" aria-describedby=\"gallery-1-325\" srcset=\"https:\/\/www.vulkanlandsternwarte.at\/wordpress\/wp-content\/uploads\/2017\/10\/sonne_05092017obearb_paint_color_detail-150x150.jpg 150w, https:\/\/www.vulkanlandsternwarte.at\/wordpress\/wp-content\/uploads\/2017\/10\/sonne_05092017obearb_paint_color_detail-100x100.jpg 100w\" sizes=\"auto, 100vw\" \/><\/a>\n\t\t\t<\/div>\n\t\t\t\t<figcaption class='wp-caption-text gallery-caption' id='gallery-1-325'>\n\t\t\t\tDie aktive Region auf der Sonne\n\t\t\t\t<\/figcaption><\/figure><figure class='gallery-item'>\n\t\t\t<div class='gallery-icon landscape'>\n\t\t\t\t<a href='https:\/\/www.vulkanlandsternwarte.at\/index.php\/wordpress\/2017\/10\/29\/groesste-sonnenaktivitaet-seit-jahren-5-09-2017\/sonne_05092017fbearb_paint_farbe_detail\/'><img loading=\"lazy\" decoding=\"async\" width=\"150\" height=\"150\" src=\"https:\/\/www.vulkanlandsternwarte.at\/wordpress\/wp-content\/uploads\/2017\/10\/sonne_05092017fbearb_paint_farbe_detail-150x150.jpg\" class=\"attachment-thumbnail size-thumbnail\" alt=\"\" srcset=\"https:\/\/www.vulkanlandsternwarte.at\/wordpress\/wp-content\/uploads\/2017\/10\/sonne_05092017fbearb_paint_farbe_detail-150x150.jpg 150w, https:\/\/www.vulkanlandsternwarte.at\/wordpress\/wp-content\/uploads\/2017\/10\/sonne_05092017fbearb_paint_farbe_detail-100x100.jpg 100w\" sizes=\"auto, 100vw\" \/><\/a>\n\t\t\t<\/div><\/figure><figure class='gallery-item'>\n\t\t\t<div class='gallery-icon landscape'>\n\t\t\t\t<a href='https:\/\/www.vulkanlandsternwarte.at\/index.php\/wordpress\/2017\/10\/29\/groesste-sonnenaktivitaet-seit-jahren-5-09-2017\/sonne_05092017fbearb_paint_farbe\/'><img loading=\"lazy\" decoding=\"async\" width=\"150\" height=\"150\" src=\"https:\/\/www.vulkanlandsternwarte.at\/wordpress\/wp-content\/uploads\/2017\/10\/sonne_05092017fbearb_paint_farbe-150x150.jpg\" class=\"attachment-thumbnail size-thumbnail\" alt=\"\" srcset=\"https:\/\/www.vulkanlandsternwarte.at\/wordpress\/wp-content\/uploads\/2017\/10\/sonne_05092017fbearb_paint_farbe-150x150.jpg 150w, https:\/\/www.vulkanlandsternwarte.at\/wordpress\/wp-content\/uploads\/2017\/10\/sonne_05092017fbearb_paint_farbe-100x100.jpg 100w\" sizes=\"auto, 100vw\" \/><\/a>\n\t\t\t<\/div><\/figure>\n\t\t<\/div>\n\n<p>Anfang September gab es eine gro\u00dfe Sonnenfleckengruppe. Ihr folgte eine kleine Gruppe, die es aber in sich hatte.<\/p>\n","protected":false},"excerpt":{"rendered":"<p>Anfang September gab es eine gro\u00dfe Sonnenfleckengruppe. Ihr folgte eine kleine Gruppe, die es aber in sich hatte.<\/p>\n","protected":false},"author":4,"featured_media":323,"comment_status":"open","ping_status":"open","sticky":false,"template":"","format":"image","meta":{"footnotes":""},"categories":[8],"tags":[],"class_list":["post-319","post","type-post","status-publish","format-image","has-post-thumbnail","hentry","category-sonnenbeobachtung","post_format-post-format-image"],"_links":{"self":[{"href":"https:\/\/www.vulkanlandsternwarte.at\/index.php\/wp-json\/wp\/v2\/posts\/319","targetHints":{"allow":["GET"]}}],"collection":[{"href":"https:\/\/www.vulkanlandsternwarte.at\/index.php\/wp-json\/wp\/v2\/posts"}],"about":[{"href":"https:\/\/www.vulkanlandsternwarte.at\/index.php\/wp-json\/wp\/v2\/types\/post"}],"author":[{"embeddable":true,"href":"https:\/\/www.vulkanlandsternwarte.at\/index.php\/wp-json\/wp\/v2\/users\/4"}],"replies":[{"embeddable":true,"href":"https:\/\/www.vulkanlandsternwarte.at\/index.php\/wp-json\/wp\/v2\/comments?post=319"}],"version-history":[{"count":4,"href":"https:\/\/www.vulkanlandsternwarte.at\/index.php\/wp-json\/wp\/v2\/posts\/319\/revisions"}],"predecessor-version":[{"id":330,"href":"https:\/\/www.vulkanlandsternwarte.at\/index.php\/wp-json\/wp\/v2\/posts\/319\/revisions\/330"}],"wp:featuredmedia":[{"embeddable":true,"href":"https:\/\/www.vulkanlandsternwarte.at\/index.php\/wp-json\/wp\/v2\/media\/323"}],"wp:attachment":[{"href":"https:\/\/www.vulkanlandsternwarte.at\/index.php\/wp-json\/wp\/v2\/media?parent=319"}],"wp:term":[{"taxonomy":"category","embeddable":true,"href":"https:\/\/www.vulkanlandsternwarte.at\/index.php\/wp-json\/wp\/v2\/categories?post=319"},{"taxonomy":"post_tag","embeddable":true,"href":"https:\/\/www.vulkanlandsternwarte.at\/index.php\/wp-json\/wp\/v2\/tags?post=319"}],"curies":[{"name":"wp","href":"https:\/\/api.w.org\/{rel}","templated":true}]}}