{"id":3223,"date":"2021-05-31T08:58:27","date_gmt":"2021-05-31T06:58:27","guid":{"rendered":"http:\/\/www.vulkanlandsternwarte.at\/?p=3223"},"modified":"2021-09-30T16:43:15","modified_gmt":"2021-09-30T14:43:15","slug":"sonnenbeobachtung-in-der-gruppe","status":"publish","type":"post","link":"https:\/\/www.vulkanlandsternwarte.at\/index.php\/wordpress\/2021\/05\/31\/sonnenbeobachtung-in-der-gruppe\/","title":{"rendered":"Sonnenbeobachtung in der Gruppe"},"content":{"rendered":"<p>Die langsam, aber doch, zunehmende Sonnenaktivit\u00e4t im 25. Zyklus erm\u00f6glicht nun auch Kleingruppenbeobachtungen wie zB im naturwissenschaftlichen Zweig am BORG JENNERSDORF &#8211; hier konnte am Vormittag eine kleine Fleckengruppe betrachtet und nebenbei die aktuelle Sonnenh\u00f6he via Bleilot ermittelt werden.&nbsp; Desweiteren wurde die Z\u00e4hlweise der Sonnenflecken besprochen und mit der offiziellen Zahl vom Observatorium Kanzelh\u00f6he verglichen.<\/p>\n<p><a href=\"https:\/\/www.vulkanlandsternwarte.at\/wordpress\/wp-content\/uploads\/2021\/05\/Sonne_01.jpg\"><img loading=\"lazy\" decoding=\"async\" class=\"alignnone size-large wp-image-3224\" src=\"https:\/\/www.vulkanlandsternwarte.at\/wordpress\/wp-content\/uploads\/2021\/05\/Sonne_01-769x1024.jpg\" alt=\"\" width=\"525\" height=\"699\" srcset=\"https:\/\/www.vulkanlandsternwarte.at\/wordpress\/wp-content\/uploads\/2021\/05\/Sonne_01-769x1024.jpg 769w, https:\/\/www.vulkanlandsternwarte.at\/wordpress\/wp-content\/uploads\/2021\/05\/Sonne_01-225x300.jpg 225w, https:\/\/www.vulkanlandsternwarte.at\/wordpress\/wp-content\/uploads\/2021\/05\/Sonne_01-768x1023.jpg 768w, https:\/\/www.vulkanlandsternwarte.at\/wordpress\/wp-content\/uploads\/2021\/05\/Sonne_01.jpg 1126w\" sizes=\"auto, (max-width: 525px) 100vw, 525px\" \/><\/a> <a href=\"https:\/\/www.vulkanlandsternwarte.at\/wordpress\/wp-content\/uploads\/2021\/05\/Sonne_02.jpg\"><img loading=\"lazy\" decoding=\"async\" class=\"alignnone size-large wp-image-3225\" src=\"https:\/\/www.vulkanlandsternwarte.at\/wordpress\/wp-content\/uploads\/2021\/05\/Sonne_02-768x1024.jpg\" alt=\"\" width=\"525\" height=\"700\" srcset=\"https:\/\/www.vulkanlandsternwarte.at\/wordpress\/wp-content\/uploads\/2021\/05\/Sonne_02-768x1024.jpg 768w, https:\/\/www.vulkanlandsternwarte.at\/wordpress\/wp-content\/uploads\/2021\/05\/Sonne_02-225x300.jpg 225w, https:\/\/www.vulkanlandsternwarte.at\/wordpress\/wp-content\/uploads\/2021\/05\/Sonne_02.jpg 1125w\" sizes=\"auto, (max-width: 525px) 100vw, 525px\" \/><\/a><\/p>\n<p>&nbsp;<\/p>\n","protected":false},"excerpt":{"rendered":"<p>Die langsam, aber doch, zunehmende Sonnenaktivit\u00e4t im 25. Zyklus erm\u00f6glicht nun auch Kleingruppenbeobachtungen wie zB im naturwissenschaftlichen Zweig am BORG JENNERSDORF &#8211; hier konnte am Vormittag eine kleine Fleckengruppe betrachtet und nebenbei die aktuelle Sonnenh\u00f6he via Bleilot ermittelt werden.&nbsp; Desweiteren wurde die Z\u00e4hlweise der Sonnenflecken besprochen und mit der offiziellen Zahl vom Observatorium Kanzelh\u00f6he verglichen. &hellip; <\/p>\n<p class=\"link-more\"><a href=\"https:\/\/www.vulkanlandsternwarte.at\/index.php\/wordpress\/2021\/05\/31\/sonnenbeobachtung-in-der-gruppe\/\" class=\"more-link\">Read more<span class=\"screen-reader-text\"> &#8222;Sonnenbeobachtung in der Gruppe&#8220;<\/span><\/a><\/p>\n","protected":false},"author":9,"featured_media":0,"comment_status":"open","ping_status":"open","sticky":false,"template":"","format":"image","meta":{"footnotes":""},"categories":[8],"tags":[],"class_list":["post-3223","post","type-post","status-publish","format-image","hentry","category-sonnenbeobachtung","post_format-post-format-image"],"_links":{"self":[{"href":"https:\/\/www.vulkanlandsternwarte.at\/index.php\/wp-json\/wp\/v2\/posts\/3223","targetHints":{"allow":["GET"]}}],"collection":[{"href":"https:\/\/www.vulkanlandsternwarte.at\/index.php\/wp-json\/wp\/v2\/posts"}],"about":[{"href":"https:\/\/www.vulkanlandsternwarte.at\/index.php\/wp-json\/wp\/v2\/types\/post"}],"author":[{"embeddable":true,"href":"https:\/\/www.vulkanlandsternwarte.at\/index.php\/wp-json\/wp\/v2\/users\/9"}],"replies":[{"embeddable":true,"href":"https:\/\/www.vulkanlandsternwarte.at\/index.php\/wp-json\/wp\/v2\/comments?post=3223"}],"version-history":[{"count":4,"href":"https:\/\/www.vulkanlandsternwarte.at\/index.php\/wp-json\/wp\/v2\/posts\/3223\/revisions"}],"predecessor-version":[{"id":3513,"href":"https:\/\/www.vulkanlandsternwarte.at\/index.php\/wp-json\/wp\/v2\/posts\/3223\/revisions\/3513"}],"wp:attachment":[{"href":"https:\/\/www.vulkanlandsternwarte.at\/index.php\/wp-json\/wp\/v2\/media?parent=3223"}],"wp:term":[{"taxonomy":"category","embeddable":true,"href":"https:\/\/www.vulkanlandsternwarte.at\/index.php\/wp-json\/wp\/v2\/categories?post=3223"},{"taxonomy":"post_tag","embeddable":true,"href":"https:\/\/www.vulkanlandsternwarte.at\/index.php\/wp-json\/wp\/v2\/tags?post=3223"}],"curies":[{"name":"wp","href":"https:\/\/api.w.org\/{rel}","templated":true}]}}