{"id":3229,"date":"2021-06-04T11:00:29","date_gmt":"2021-06-04T09:00:29","guid":{"rendered":"http:\/\/www.vulkanlandsternwarte.at\/?p=3229"},"modified":"2021-09-30T16:43:08","modified_gmt":"2021-09-30T14:43:08","slug":"die-sonne-am-3-juni-2021","status":"publish","type":"post","link":"https:\/\/www.vulkanlandsternwarte.at\/index.php\/wordpress\/2021\/06\/04\/die-sonne-am-3-juni-2021\/","title":{"rendered":"Die Sonne am 3. Juni 2021"},"content":{"rendered":"<p>Sch\u00f6ne Fleckengruppen zogen \u00fcber die Sonnenoberfl\u00e4che und lassen nun langsam die steigende Aktivit\u00e4t im 25. Sonnenzyklus erkennen.<\/p>\n<p><a href=\"https:\/\/www.vulkanlandsternwarte.at\/wordpress\/wp-content\/uploads\/2021\/06\/2021-06-03.jpg\"><img loading=\"lazy\" decoding=\"async\" class=\"alignnone size-large wp-image-3230\" src=\"https:\/\/www.vulkanlandsternwarte.at\/wordpress\/wp-content\/uploads\/2021\/06\/2021-06-03-989x1024.jpg\" alt=\"\" width=\"525\" height=\"544\" srcset=\"https:\/\/www.vulkanlandsternwarte.at\/wordpress\/wp-content\/uploads\/2021\/06\/2021-06-03-989x1024.jpg 989w, https:\/\/www.vulkanlandsternwarte.at\/wordpress\/wp-content\/uploads\/2021\/06\/2021-06-03-290x300.jpg 290w, https:\/\/www.vulkanlandsternwarte.at\/wordpress\/wp-content\/uploads\/2021\/06\/2021-06-03-768x796.jpg 768w, https:\/\/www.vulkanlandsternwarte.at\/wordpress\/wp-content\/uploads\/2021\/06\/2021-06-03.jpg 1448w\" sizes=\"auto, (max-width: 525px) 100vw, 525px\" \/><\/a><\/p>\n","protected":false},"excerpt":{"rendered":"<p>Sch\u00f6ne Fleckengruppen zogen \u00fcber die Sonnenoberfl\u00e4che und lassen nun langsam die steigende Aktivit\u00e4t im 25. Sonnenzyklus erkennen.<\/p>\n","protected":false},"author":9,"featured_media":0,"comment_status":"open","ping_status":"open","sticky":false,"template":"","format":"image","meta":{"footnotes":""},"categories":[47],"tags":[],"class_list":["post-3229","post","type-post","status-publish","format-image","hentry","category-sonne","post_format-post-format-image"],"_links":{"self":[{"href":"https:\/\/www.vulkanlandsternwarte.at\/index.php\/wp-json\/wp\/v2\/posts\/3229","targetHints":{"allow":["GET"]}}],"collection":[{"href":"https:\/\/www.vulkanlandsternwarte.at\/index.php\/wp-json\/wp\/v2\/posts"}],"about":[{"href":"https:\/\/www.vulkanlandsternwarte.at\/index.php\/wp-json\/wp\/v2\/types\/post"}],"author":[{"embeddable":true,"href":"https:\/\/www.vulkanlandsternwarte.at\/index.php\/wp-json\/wp\/v2\/users\/9"}],"replies":[{"embeddable":true,"href":"https:\/\/www.vulkanlandsternwarte.at\/index.php\/wp-json\/wp\/v2\/comments?post=3229"}],"version-history":[{"count":2,"href":"https:\/\/www.vulkanlandsternwarte.at\/index.php\/wp-json\/wp\/v2\/posts\/3229\/revisions"}],"predecessor-version":[{"id":3512,"href":"https:\/\/www.vulkanlandsternwarte.at\/index.php\/wp-json\/wp\/v2\/posts\/3229\/revisions\/3512"}],"wp:attachment":[{"href":"https:\/\/www.vulkanlandsternwarte.at\/index.php\/wp-json\/wp\/v2\/media?parent=3229"}],"wp:term":[{"taxonomy":"category","embeddable":true,"href":"https:\/\/www.vulkanlandsternwarte.at\/index.php\/wp-json\/wp\/v2\/categories?post=3229"},{"taxonomy":"post_tag","embeddable":true,"href":"https:\/\/www.vulkanlandsternwarte.at\/index.php\/wp-json\/wp\/v2\/tags?post=3229"}],"curies":[{"name":"wp","href":"https:\/\/api.w.org\/{rel}","templated":true}]}}