{"id":3299,"date":"2021-06-30T16:15:58","date_gmt":"2021-06-30T14:15:58","guid":{"rendered":"http:\/\/www.vulkanlandsternwarte.at\/?p=3299"},"modified":"2021-09-30T16:42:08","modified_gmt":"2021-09-30T14:42:08","slug":"die-sonne-am-30-juni-2021","status":"publish","type":"post","link":"https:\/\/www.vulkanlandsternwarte.at\/index.php\/wordpress\/2021\/06\/30\/die-sonne-am-30-juni-2021\/","title":{"rendered":"Die Sonne am 30. Juni 2021"},"content":{"rendered":"<p>Die Flugbahn der ISS am 29. Juni 2021 wurde leider ge\u00e4ndert und so verfehlte sie bei ihrem \u00dcberflug \u00fcber Jennersdorf die Sonnenscheibe. Als Entsch\u00e4digung gab es dann am 30. Juni mehrere Fleckengruppen, die sich \u00fcber die Sonne bewegten.<\/p>\n<p><a href=\"https:\/\/www.vulkanlandsternwarte.at\/wordpress\/wp-content\/uploads\/2021\/06\/Mosaik_0915_PS.jpg\"><img loading=\"lazy\" decoding=\"async\" class=\"alignnone size-large wp-image-3300\" src=\"https:\/\/www.vulkanlandsternwarte.at\/wordpress\/wp-content\/uploads\/2021\/06\/Mosaik_0915_PS-1024x1024.jpg\" alt=\"\" width=\"525\" height=\"525\" srcset=\"https:\/\/www.vulkanlandsternwarte.at\/wordpress\/wp-content\/uploads\/2021\/06\/Mosaik_0915_PS-1024x1024.jpg 1024w, https:\/\/www.vulkanlandsternwarte.at\/wordpress\/wp-content\/uploads\/2021\/06\/Mosaik_0915_PS-150x150.jpg 150w, https:\/\/www.vulkanlandsternwarte.at\/wordpress\/wp-content\/uploads\/2021\/06\/Mosaik_0915_PS-300x300.jpg 300w, https:\/\/www.vulkanlandsternwarte.at\/wordpress\/wp-content\/uploads\/2021\/06\/Mosaik_0915_PS-768x768.jpg 768w, https:\/\/www.vulkanlandsternwarte.at\/wordpress\/wp-content\/uploads\/2021\/06\/Mosaik_0915_PS-100x100.jpg 100w, https:\/\/www.vulkanlandsternwarte.at\/wordpress\/wp-content\/uploads\/2021\/06\/Mosaik_0915_PS.jpg 2000w\" sizes=\"auto, (max-width: 525px) 100vw, 525px\" \/><\/a><\/p>\n","protected":false},"excerpt":{"rendered":"<p>Die Flugbahn der ISS am 29. Juni 2021 wurde leider ge\u00e4ndert und so verfehlte sie bei ihrem \u00dcberflug \u00fcber Jennersdorf die Sonnenscheibe. Als Entsch\u00e4digung gab es dann am 30. Juni mehrere Fleckengruppen, die sich \u00fcber die Sonne bewegten.<\/p>\n","protected":false},"author":9,"featured_media":0,"comment_status":"open","ping_status":"open","sticky":false,"template":"","format":"image","meta":{"footnotes":""},"categories":[47],"tags":[],"class_list":["post-3299","post","type-post","status-publish","format-image","hentry","category-sonne","post_format-post-format-image"],"_links":{"self":[{"href":"https:\/\/www.vulkanlandsternwarte.at\/index.php\/wp-json\/wp\/v2\/posts\/3299","targetHints":{"allow":["GET"]}}],"collection":[{"href":"https:\/\/www.vulkanlandsternwarte.at\/index.php\/wp-json\/wp\/v2\/posts"}],"about":[{"href":"https:\/\/www.vulkanlandsternwarte.at\/index.php\/wp-json\/wp\/v2\/types\/post"}],"author":[{"embeddable":true,"href":"https:\/\/www.vulkanlandsternwarte.at\/index.php\/wp-json\/wp\/v2\/users\/9"}],"replies":[{"embeddable":true,"href":"https:\/\/www.vulkanlandsternwarte.at\/index.php\/wp-json\/wp\/v2\/comments?post=3299"}],"version-history":[{"count":3,"href":"https:\/\/www.vulkanlandsternwarte.at\/index.php\/wp-json\/wp\/v2\/posts\/3299\/revisions"}],"predecessor-version":[{"id":3508,"href":"https:\/\/www.vulkanlandsternwarte.at\/index.php\/wp-json\/wp\/v2\/posts\/3299\/revisions\/3508"}],"wp:attachment":[{"href":"https:\/\/www.vulkanlandsternwarte.at\/index.php\/wp-json\/wp\/v2\/media?parent=3299"}],"wp:term":[{"taxonomy":"category","embeddable":true,"href":"https:\/\/www.vulkanlandsternwarte.at\/index.php\/wp-json\/wp\/v2\/categories?post=3299"},{"taxonomy":"post_tag","embeddable":true,"href":"https:\/\/www.vulkanlandsternwarte.at\/index.php\/wp-json\/wp\/v2\/tags?post=3299"}],"curies":[{"name":"wp","href":"https:\/\/api.w.org\/{rel}","templated":true}]}}