{"id":3466,"date":"2021-09-28T07:49:36","date_gmt":"2021-09-28T05:49:36","guid":{"rendered":"https:\/\/www.vulkanlandsternwarte.at\/?p=3466"},"modified":"2021-09-28T07:49:58","modified_gmt":"2021-09-28T05:49:58","slug":"protuberanzen-und-sonnenflecken","status":"publish","type":"post","link":"https:\/\/www.vulkanlandsternwarte.at\/index.php\/wordpress\/2021\/09\/28\/protuberanzen-und-sonnenflecken\/","title":{"rendered":"Protuberanzen und Sonnenflecken"},"content":{"rendered":"\n<p>Gro\u00dfe und recht zahlreiche Gasausw\u00fcrfe, Protuberanzen, konnten am Wochenende auf der Sonne beobachtet werden. Desweiteren steigert sich auch die \u00fcbrige Aktivit\u00e4t der Sonne in diesem 25. Zyklus, immer seltener wird es, dass die Sonnenoberfl\u00e4che fleckenfrei bleibt.<\/p>\n\n\n\n<figure class=\"wp-block-gallery columns-3 is-cropped wp-block-gallery-1 is-layout-flex wp-block-gallery-is-layout-flex\"><ul class=\"blocks-gallery-grid\"><li class=\"blocks-gallery-item\"><figure><a href=\"https:\/\/www.vulkanlandsternwarte.at\/wordpress\/wp-content\/uploads\/2021\/09\/Sonne_01.jpg\"><img loading=\"lazy\" decoding=\"async\" width=\"1024\" height=\"638\" src=\"https:\/\/www.vulkanlandsternwarte.at\/wordpress\/wp-content\/uploads\/2021\/09\/Sonne_01-1024x638.jpg\" alt=\"\" data-id=\"3467\" data-full-url=\"https:\/\/www.vulkanlandsternwarte.at\/wordpress\/wp-content\/uploads\/2021\/09\/Sonne_01.jpg\" data-link=\"https:\/\/www.vulkanlandsternwarte.at\/?attachment_id=3467\" class=\"wp-image-3467\" srcset=\"https:\/\/www.vulkanlandsternwarte.at\/wordpress\/wp-content\/uploads\/2021\/09\/Sonne_01-1024x638.jpg 1024w, https:\/\/www.vulkanlandsternwarte.at\/wordpress\/wp-content\/uploads\/2021\/09\/Sonne_01-300x187.jpg 300w, https:\/\/www.vulkanlandsternwarte.at\/wordpress\/wp-content\/uploads\/2021\/09\/Sonne_01-768x478.jpg 768w, https:\/\/www.vulkanlandsternwarte.at\/wordpress\/wp-content\/uploads\/2021\/09\/Sonne_01-1536x957.jpg 1536w, https:\/\/www.vulkanlandsternwarte.at\/wordpress\/wp-content\/uploads\/2021\/09\/Sonne_01.jpg 1888w\" sizes=\"auto, (max-width: 1024px) 100vw, 1024px\" \/><\/a><\/figure><\/li><li class=\"blocks-gallery-item\"><figure><a href=\"https:\/\/www.vulkanlandsternwarte.at\/wordpress\/wp-content\/uploads\/2021\/09\/Sonne_02.jpg\"><img loading=\"lazy\" decoding=\"async\" width=\"1020\" height=\"1024\" src=\"https:\/\/www.vulkanlandsternwarte.at\/wordpress\/wp-content\/uploads\/2021\/09\/Sonne_02-1020x1024.jpg\" alt=\"\" data-id=\"3468\" data-full-url=\"https:\/\/www.vulkanlandsternwarte.at\/wordpress\/wp-content\/uploads\/2021\/09\/Sonne_02.jpg\" data-link=\"https:\/\/www.vulkanlandsternwarte.at\/?attachment_id=3468\" class=\"wp-image-3468\" srcset=\"https:\/\/www.vulkanlandsternwarte.at\/wordpress\/wp-content\/uploads\/2021\/09\/Sonne_02-1020x1024.jpg 1020w, https:\/\/www.vulkanlandsternwarte.at\/wordpress\/wp-content\/uploads\/2021\/09\/Sonne_02-300x300.jpg 300w, https:\/\/www.vulkanlandsternwarte.at\/wordpress\/wp-content\/uploads\/2021\/09\/Sonne_02-150x150.jpg 150w, https:\/\/www.vulkanlandsternwarte.at\/wordpress\/wp-content\/uploads\/2021\/09\/Sonne_02-768x771.jpg 768w, https:\/\/www.vulkanlandsternwarte.at\/wordpress\/wp-content\/uploads\/2021\/09\/Sonne_02-1530x1536.jpg 1530w, https:\/\/www.vulkanlandsternwarte.at\/wordpress\/wp-content\/uploads\/2021\/09\/Sonne_02-2000x2008.jpg 2000w, https:\/\/www.vulkanlandsternwarte.at\/wordpress\/wp-content\/uploads\/2021\/09\/Sonne_02.jpg 2024w\" sizes=\"auto, (max-width: 1020px) 100vw, 1020px\" \/><\/a><\/figure><\/li><li class=\"blocks-gallery-item\"><figure><a href=\"https:\/\/www.vulkanlandsternwarte.at\/wordpress\/wp-content\/uploads\/2021\/09\/Sonne_03-scaled.jpg\"><img loading=\"lazy\" decoding=\"async\" width=\"1024\" height=\"685\" src=\"https:\/\/www.vulkanlandsternwarte.at\/wordpress\/wp-content\/uploads\/2021\/09\/Sonne_03-1024x685.jpg\" alt=\"\" data-id=\"3469\" data-full-url=\"https:\/\/www.vulkanlandsternwarte.at\/wordpress\/wp-content\/uploads\/2021\/09\/Sonne_03-scaled.jpg\" data-link=\"https:\/\/www.vulkanlandsternwarte.at\/?attachment_id=3469\" class=\"wp-image-3469\" srcset=\"https:\/\/www.vulkanlandsternwarte.at\/wordpress\/wp-content\/uploads\/2021\/09\/Sonne_03-1024x685.jpg 1024w, https:\/\/www.vulkanlandsternwarte.at\/wordpress\/wp-content\/uploads\/2021\/09\/Sonne_03-300x201.jpg 300w, https:\/\/www.vulkanlandsternwarte.at\/wordpress\/wp-content\/uploads\/2021\/09\/Sonne_03-768x514.jpg 768w, https:\/\/www.vulkanlandsternwarte.at\/wordpress\/wp-content\/uploads\/2021\/09\/Sonne_03-1536x1028.jpg 1536w, https:\/\/www.vulkanlandsternwarte.at\/wordpress\/wp-content\/uploads\/2021\/09\/Sonne_03-2048x1371.jpg 2048w, https:\/\/www.vulkanlandsternwarte.at\/wordpress\/wp-content\/uploads\/2021\/09\/Sonne_03-2000x1339.jpg 2000w\" sizes=\"auto, (max-width: 1024px) 100vw, 1024px\" \/><\/a><\/figure><\/li><\/ul><figcaption class=\"blocks-gallery-caption\">Die Sonne am 26. September 2021<\/figcaption><\/figure>\n","protected":false},"excerpt":{"rendered":"<p>Gro\u00dfe und recht zahlreiche Gasausw\u00fcrfe, Protuberanzen, konnten am Wochenende auf der Sonne beobachtet werden. Desweiteren steigert sich auch die \u00fcbrige Aktivit\u00e4t der Sonne in diesem 25. Zyklus, immer seltener wird es, dass die Sonnenoberfl\u00e4che fleckenfrei bleibt.<\/p>\n","protected":false},"author":9,"featured_media":0,"comment_status":"open","ping_status":"open","sticky":false,"template":"","format":"image","meta":{"footnotes":""},"categories":[8],"tags":[],"class_list":["post-3466","post","type-post","status-publish","format-image","hentry","category-sonnenbeobachtung","post_format-post-format-image"],"_links":{"self":[{"href":"https:\/\/www.vulkanlandsternwarte.at\/index.php\/wp-json\/wp\/v2\/posts\/3466","targetHints":{"allow":["GET"]}}],"collection":[{"href":"https:\/\/www.vulkanlandsternwarte.at\/index.php\/wp-json\/wp\/v2\/posts"}],"about":[{"href":"https:\/\/www.vulkanlandsternwarte.at\/index.php\/wp-json\/wp\/v2\/types\/post"}],"author":[{"embeddable":true,"href":"https:\/\/www.vulkanlandsternwarte.at\/index.php\/wp-json\/wp\/v2\/users\/9"}],"replies":[{"embeddable":true,"href":"https:\/\/www.vulkanlandsternwarte.at\/index.php\/wp-json\/wp\/v2\/comments?post=3466"}],"version-history":[{"count":1,"href":"https:\/\/www.vulkanlandsternwarte.at\/index.php\/wp-json\/wp\/v2\/posts\/3466\/revisions"}],"predecessor-version":[{"id":3470,"href":"https:\/\/www.vulkanlandsternwarte.at\/index.php\/wp-json\/wp\/v2\/posts\/3466\/revisions\/3470"}],"wp:attachment":[{"href":"https:\/\/www.vulkanlandsternwarte.at\/index.php\/wp-json\/wp\/v2\/media?parent=3466"}],"wp:term":[{"taxonomy":"category","embeddable":true,"href":"https:\/\/www.vulkanlandsternwarte.at\/index.php\/wp-json\/wp\/v2\/categories?post=3466"},{"taxonomy":"post_tag","embeddable":true,"href":"https:\/\/www.vulkanlandsternwarte.at\/index.php\/wp-json\/wp\/v2\/tags?post=3466"}],"curies":[{"name":"wp","href":"https:\/\/api.w.org\/{rel}","templated":true}]}}