{"id":3498,"date":"2021-09-30T14:52:28","date_gmt":"2021-09-30T12:52:28","guid":{"rendered":"https:\/\/www.vulkanlandsternwarte.at\/?p=3498"},"modified":"2021-09-30T14:52:30","modified_gmt":"2021-09-30T12:52:30","slug":"ein-blick-in-die-zukunft-unserer-sonne","status":"publish","type":"post","link":"https:\/\/www.vulkanlandsternwarte.at\/index.php\/wordpress\/2021\/09\/30\/ein-blick-in-die-zukunft-unserer-sonne\/","title":{"rendered":"Ein Blick in die Zukunft unserer Sonne"},"content":{"rendered":"\n<figure class=\"wp-block-image size-large\"><a href=\"https:\/\/www.vulkanlandsternwarte.at\/wordpress\/wp-content\/uploads\/2021\/09\/M27.jpg\"><img loading=\"lazy\" decoding=\"async\" width=\"1024\" height=\"683\" src=\"https:\/\/www.vulkanlandsternwarte.at\/wordpress\/wp-content\/uploads\/2021\/09\/M27-1024x683.jpg\" alt=\"\" class=\"wp-image-3499\" srcset=\"https:\/\/www.vulkanlandsternwarte.at\/wordpress\/wp-content\/uploads\/2021\/09\/M27-1024x683.jpg 1024w, https:\/\/www.vulkanlandsternwarte.at\/wordpress\/wp-content\/uploads\/2021\/09\/M27-300x200.jpg 300w, https:\/\/www.vulkanlandsternwarte.at\/wordpress\/wp-content\/uploads\/2021\/09\/M27-768x513.jpg 768w, https:\/\/www.vulkanlandsternwarte.at\/wordpress\/wp-content\/uploads\/2021\/09\/M27.jpg 1500w\" sizes=\"auto, (max-width: 1024px) 100vw, 1024px\" \/><\/a><figcaption>Messier 27 &#8211; &#8222;Dumbbell Nebula&#8220;\/Hantelnebel<\/figcaption><\/figure>\n\n\n\n<p>Der &#8222;Hantelnebel&#8220; im Sternbild Fuchs ist ein sch\u00f6nes Beispiel was eines fernen Tages (so in 4,5 Mrd. Jahren) aus unserer Sonne werden k\u00f6nnte &#8211; nach dem Absto\u00dfen ihrer \u00e4u\u00dferen H\u00fclle, nachdem sie sich zuvor zu einem Roten Riesenstern aufgebl\u00e4ht hatte, bleibt nur der hei\u00dfe, innere, etwa erdgro\u00dfe Kern \u00fcbrig, der wiederum ob seiner enormen Strahlung die zuvor abgesto\u00dfenen Gasen zum Leuchten anregen wird.<\/p>\n","protected":false},"excerpt":{"rendered":"<p>Der &#8222;Hantelnebel&#8220; im Sternbild Fuchs ist ein sch\u00f6nes Beispiel was eines fernen Tages (so in 4,5 Mrd. Jahren) aus unserer Sonne werden k\u00f6nnte &#8211; nach dem Absto\u00dfen ihrer \u00e4u\u00dferen H\u00fclle, nachdem sie sich zuvor zu einem Roten Riesenstern aufgebl\u00e4ht hatte, bleibt nur der hei\u00dfe, innere, etwa erdgro\u00dfe Kern \u00fcbrig, der wiederum ob seiner enormen Strahlung &hellip; <\/p>\n<p class=\"link-more\"><a href=\"https:\/\/www.vulkanlandsternwarte.at\/index.php\/wordpress\/2021\/09\/30\/ein-blick-in-die-zukunft-unserer-sonne\/\" class=\"more-link\">Read more<span class=\"screen-reader-text\"> &#8222;Ein Blick in die Zukunft unserer Sonne&#8220;<\/span><\/a><\/p>\n","protected":false},"author":9,"featured_media":0,"comment_status":"open","ping_status":"open","sticky":false,"template":"","format":"image","meta":{"footnotes":""},"categories":[21],"tags":[],"class_list":["post-3498","post","type-post","status-publish","format-image","hentry","category-astrophotographie","post_format-post-format-image"],"_links":{"self":[{"href":"https:\/\/www.vulkanlandsternwarte.at\/index.php\/wp-json\/wp\/v2\/posts\/3498","targetHints":{"allow":["GET"]}}],"collection":[{"href":"https:\/\/www.vulkanlandsternwarte.at\/index.php\/wp-json\/wp\/v2\/posts"}],"about":[{"href":"https:\/\/www.vulkanlandsternwarte.at\/index.php\/wp-json\/wp\/v2\/types\/post"}],"author":[{"embeddable":true,"href":"https:\/\/www.vulkanlandsternwarte.at\/index.php\/wp-json\/wp\/v2\/users\/9"}],"replies":[{"embeddable":true,"href":"https:\/\/www.vulkanlandsternwarte.at\/index.php\/wp-json\/wp\/v2\/comments?post=3498"}],"version-history":[{"count":1,"href":"https:\/\/www.vulkanlandsternwarte.at\/index.php\/wp-json\/wp\/v2\/posts\/3498\/revisions"}],"predecessor-version":[{"id":3500,"href":"https:\/\/www.vulkanlandsternwarte.at\/index.php\/wp-json\/wp\/v2\/posts\/3498\/revisions\/3500"}],"wp:attachment":[{"href":"https:\/\/www.vulkanlandsternwarte.at\/index.php\/wp-json\/wp\/v2\/media?parent=3498"}],"wp:term":[{"taxonomy":"category","embeddable":true,"href":"https:\/\/www.vulkanlandsternwarte.at\/index.php\/wp-json\/wp\/v2\/categories?post=3498"},{"taxonomy":"post_tag","embeddable":true,"href":"https:\/\/www.vulkanlandsternwarte.at\/index.php\/wp-json\/wp\/v2\/tags?post=3498"}],"curies":[{"name":"wp","href":"https:\/\/api.w.org\/{rel}","templated":true}]}}