{"id":3678,"date":"2021-10-11T18:01:31","date_gmt":"2021-10-11T16:01:31","guid":{"rendered":"https:\/\/www.vulkanlandsternwarte.at\/?p=3678"},"modified":"2022-11-03T13:03:19","modified_gmt":"2022-11-03T12:03:19","slug":"sonnenflecken-sonnenfackeln-protuberanzen","status":"publish","type":"post","link":"https:\/\/www.vulkanlandsternwarte.at\/index.php\/wordpress\/2021\/10\/11\/sonnenflecken-sonnenfackeln-protuberanzen\/","title":{"rendered":"Sonnenflecken, Sonnenfackeln, Protuberanzen"},"content":{"rendered":"\n<figure class=\"wp-block-gallery has-nested-images columns-default is-cropped wp-block-gallery-1 is-layout-flex wp-block-gallery-is-layout-flex\">\n<figure class=\"wp-block-image size-medium\"><a href=\"https:\/\/www.vulkanlandsternwarte.at\/wordpress\/wp-content\/uploads\/2021\/10\/2021-10-09-1146_6-Sunspot-1.jpg\"><img loading=\"lazy\" decoding=\"async\" width=\"300\" height=\"185\" data-id=\"3683\" src=\"https:\/\/www.vulkanlandsternwarte.at\/wordpress\/wp-content\/uploads\/2021\/10\/2021-10-09-1146_6-Sunspot-1-300x185.jpg\" alt=\"\" class=\"wp-image-3683\" srcset=\"https:\/\/www.vulkanlandsternwarte.at\/wordpress\/wp-content\/uploads\/2021\/10\/2021-10-09-1146_6-Sunspot-1-300x185.jpg 300w, https:\/\/www.vulkanlandsternwarte.at\/wordpress\/wp-content\/uploads\/2021\/10\/2021-10-09-1146_6-Sunspot-1-1024x633.jpg 1024w, https:\/\/www.vulkanlandsternwarte.at\/wordpress\/wp-content\/uploads\/2021\/10\/2021-10-09-1146_6-Sunspot-1-768x475.jpg 768w, https:\/\/www.vulkanlandsternwarte.at\/wordpress\/wp-content\/uploads\/2021\/10\/2021-10-09-1146_6-Sunspot-1.jpg 1500w\" sizes=\"auto, (max-width: 300px) 100vw, 300px\" \/><\/a><\/figure>\n\n\n\n<figure class=\"wp-block-image size-medium\"><a href=\"https:\/\/www.vulkanlandsternwarte.at\/wordpress\/wp-content\/uploads\/2021\/10\/2021-10-09-1148_7-Sun_stitch-1.jpg\"><img loading=\"lazy\" decoding=\"async\" width=\"300\" height=\"300\" data-id=\"3685\" src=\"https:\/\/www.vulkanlandsternwarte.at\/wordpress\/wp-content\/uploads\/2021\/10\/2021-10-09-1148_7-Sun_stitch-1-300x300.jpg\" alt=\"\" class=\"wp-image-3685\" srcset=\"https:\/\/www.vulkanlandsternwarte.at\/wordpress\/wp-content\/uploads\/2021\/10\/2021-10-09-1148_7-Sun_stitch-1-300x300.jpg 300w, https:\/\/www.vulkanlandsternwarte.at\/wordpress\/wp-content\/uploads\/2021\/10\/2021-10-09-1148_7-Sun_stitch-1-1024x1024.jpg 1024w, https:\/\/www.vulkanlandsternwarte.at\/wordpress\/wp-content\/uploads\/2021\/10\/2021-10-09-1148_7-Sun_stitch-1-150x150.jpg 150w, https:\/\/www.vulkanlandsternwarte.at\/wordpress\/wp-content\/uploads\/2021\/10\/2021-10-09-1148_7-Sun_stitch-1-768x768.jpg 768w, https:\/\/www.vulkanlandsternwarte.at\/wordpress\/wp-content\/uploads\/2021\/10\/2021-10-09-1148_7-Sun_stitch-1-1536x1536.jpg 1536w, https:\/\/www.vulkanlandsternwarte.at\/wordpress\/wp-content\/uploads\/2021\/10\/2021-10-09-1148_7-Sun_stitch-1.jpg 1800w\" sizes=\"auto, (max-width: 300px) 100vw, 300px\" \/><\/a><\/figure>\n\n\n\n<figure class=\"wp-block-image size-medium\"><a href=\"https:\/\/www.vulkanlandsternwarte.at\/wordpress\/wp-content\/uploads\/2021\/10\/2021-10-09-1127_Sun_stitch-1.jpg\"><img loading=\"lazy\" decoding=\"async\" width=\"300\" height=\"300\" data-id=\"3686\" src=\"https:\/\/www.vulkanlandsternwarte.at\/wordpress\/wp-content\/uploads\/2021\/10\/2021-10-09-1127_Sun_stitch-1-300x300.jpg\" alt=\"\" class=\"wp-image-3686\" srcset=\"https:\/\/www.vulkanlandsternwarte.at\/wordpress\/wp-content\/uploads\/2021\/10\/2021-10-09-1127_Sun_stitch-1-300x300.jpg 300w, https:\/\/www.vulkanlandsternwarte.at\/wordpress\/wp-content\/uploads\/2021\/10\/2021-10-09-1127_Sun_stitch-1-1024x1024.jpg 1024w, https:\/\/www.vulkanlandsternwarte.at\/wordpress\/wp-content\/uploads\/2021\/10\/2021-10-09-1127_Sun_stitch-1-150x150.jpg 150w, https:\/\/www.vulkanlandsternwarte.at\/wordpress\/wp-content\/uploads\/2021\/10\/2021-10-09-1127_Sun_stitch-1-768x768.jpg 768w, https:\/\/www.vulkanlandsternwarte.at\/wordpress\/wp-content\/uploads\/2021\/10\/2021-10-09-1127_Sun_stitch-1-1536x1536.jpg 1536w, https:\/\/www.vulkanlandsternwarte.at\/wordpress\/wp-content\/uploads\/2021\/10\/2021-10-09-1127_Sun_stitch-1.jpg 1800w\" sizes=\"auto, (max-width: 300px) 100vw, 300px\" \/><\/a><\/figure>\n\n\n\n<figure class=\"wp-block-image size-medium\"><a href=\"https:\/\/www.vulkanlandsternwarte.at\/wordpress\/wp-content\/uploads\/2021\/10\/10-09-1032_Sun_prominence-1.jpg\"><img loading=\"lazy\" decoding=\"async\" width=\"300\" height=\"300\" data-id=\"3684\" src=\"https:\/\/www.vulkanlandsternwarte.at\/wordpress\/wp-content\/uploads\/2021\/10\/10-09-1032_Sun_prominence-1-300x300.jpg\" alt=\"\" class=\"wp-image-3684\" srcset=\"https:\/\/www.vulkanlandsternwarte.at\/wordpress\/wp-content\/uploads\/2021\/10\/10-09-1032_Sun_prominence-1-300x300.jpg 300w, https:\/\/www.vulkanlandsternwarte.at\/wordpress\/wp-content\/uploads\/2021\/10\/10-09-1032_Sun_prominence-1-1020x1024.jpg 1020w, https:\/\/www.vulkanlandsternwarte.at\/wordpress\/wp-content\/uploads\/2021\/10\/10-09-1032_Sun_prominence-1-150x150.jpg 150w, https:\/\/www.vulkanlandsternwarte.at\/wordpress\/wp-content\/uploads\/2021\/10\/10-09-1032_Sun_prominence-1-768x771.jpg 768w, https:\/\/www.vulkanlandsternwarte.at\/wordpress\/wp-content\/uploads\/2021\/10\/10-09-1032_Sun_prominence-1.jpg 1494w\" sizes=\"auto, (max-width: 300px) 100vw, 300px\" \/><\/a><\/figure>\n<figcaption class=\"blocks-gallery-caption\">Die Sonne am 9. Oktober 2021<\/figcaption><\/figure>\n\n\n\n<p>Die Sonne steigert weiterhin ihre Aktivit\u00e4t und trotz des bereits tiefen, jahreszeitlich bedingten Standes, musste die daf\u00fcr notwendige Ausr\u00fcstung noch mal installiert werden.<\/p>\n","protected":false},"excerpt":{"rendered":"<p>Die Sonne steigert weiterhin ihre Aktivit\u00e4t und trotz des bereits tiefen, jahreszeitlich bedingten Standes, musste die daf\u00fcr notwendige Ausr\u00fcstung noch mal installiert werden.<\/p>\n","protected":false},"author":9,"featured_media":0,"comment_status":"open","ping_status":"open","sticky":false,"template":"","format":"image","meta":{"footnotes":""},"categories":[47],"tags":[],"class_list":["post-3678","post","type-post","status-publish","format-image","hentry","category-sonne","post_format-post-format-image"],"_links":{"self":[{"href":"https:\/\/www.vulkanlandsternwarte.at\/index.php\/wp-json\/wp\/v2\/posts\/3678","targetHints":{"allow":["GET"]}}],"collection":[{"href":"https:\/\/www.vulkanlandsternwarte.at\/index.php\/wp-json\/wp\/v2\/posts"}],"about":[{"href":"https:\/\/www.vulkanlandsternwarte.at\/index.php\/wp-json\/wp\/v2\/types\/post"}],"author":[{"embeddable":true,"href":"https:\/\/www.vulkanlandsternwarte.at\/index.php\/wp-json\/wp\/v2\/users\/9"}],"replies":[{"embeddable":true,"href":"https:\/\/www.vulkanlandsternwarte.at\/index.php\/wp-json\/wp\/v2\/comments?post=3678"}],"version-history":[{"count":2,"href":"https:\/\/www.vulkanlandsternwarte.at\/index.php\/wp-json\/wp\/v2\/posts\/3678\/revisions"}],"predecessor-version":[{"id":4934,"href":"https:\/\/www.vulkanlandsternwarte.at\/index.php\/wp-json\/wp\/v2\/posts\/3678\/revisions\/4934"}],"wp:attachment":[{"href":"https:\/\/www.vulkanlandsternwarte.at\/index.php\/wp-json\/wp\/v2\/media?parent=3678"}],"wp:term":[{"taxonomy":"category","embeddable":true,"href":"https:\/\/www.vulkanlandsternwarte.at\/index.php\/wp-json\/wp\/v2\/categories?post=3678"},{"taxonomy":"post_tag","embeddable":true,"href":"https:\/\/www.vulkanlandsternwarte.at\/index.php\/wp-json\/wp\/v2\/tags?post=3678"}],"curies":[{"name":"wp","href":"https:\/\/api.w.org\/{rel}","templated":true}]}}