{"id":3857,"date":"2021-11-06T08:55:34","date_gmt":"2021-11-06T07:55:34","guid":{"rendered":"https:\/\/www.vulkanlandsternwarte.at\/?p=3857"},"modified":"2021-11-06T11:22:30","modified_gmt":"2021-11-06T10:22:30","slug":"das-phantom-in-der-oper","status":"publish","type":"post","link":"https:\/\/www.vulkanlandsternwarte.at\/index.php\/wordpress\/2021\/11\/06\/das-phantom-in-der-oper\/","title":{"rendered":"Das Phantom in der Oper"},"content":{"rendered":"\n<p>Dieser wundersch\u00f6ne Emissionsnebel ist nach dem Roman eines franz. Schriftstellers benannt &#8211; die Form des Nebels \u00e4hnelt der Maske des Protagonisten. Ein weiteres Resultat der &#8222;Sch\u00f6nwetterkatastrophe&#8220; Ende Oktober\/Anfang November. Ein schwierig abzulichtendes Objekt, da sehr lichtschwach.<\/p>\n\n\n\n<figure class=\"wp-block-image size-large\"><a href=\"https:\/\/www.vulkanlandsternwarte.at\/wordpress\/wp-content\/uploads\/2021\/11\/Phantom_of_the_Opera_small.jpg\"><img loading=\"lazy\" decoding=\"async\" width=\"1024\" height=\"683\" src=\"https:\/\/www.vulkanlandsternwarte.at\/wordpress\/wp-content\/uploads\/2021\/11\/Phantom_of_the_Opera_small-1024x683.jpg\" alt=\"\" class=\"wp-image-3858\" srcset=\"https:\/\/www.vulkanlandsternwarte.at\/wordpress\/wp-content\/uploads\/2021\/11\/Phantom_of_the_Opera_small-1024x683.jpg 1024w, https:\/\/www.vulkanlandsternwarte.at\/wordpress\/wp-content\/uploads\/2021\/11\/Phantom_of_the_Opera_small-300x200.jpg 300w, https:\/\/www.vulkanlandsternwarte.at\/wordpress\/wp-content\/uploads\/2021\/11\/Phantom_of_the_Opera_small-768x512.jpg 768w, https:\/\/www.vulkanlandsternwarte.at\/wordpress\/wp-content\/uploads\/2021\/11\/Phantom_of_the_Opera_small.jpg 1400w\" sizes=\"auto, (max-width: 1024px) 100vw, 1024px\" \/><\/a><figcaption>6 Zoll ED Super-APO Triplett + DSLR<\/figcaption><\/figure>\n","protected":false},"excerpt":{"rendered":"<p>Dieser wundersch\u00f6ne Emissionsnebel ist nach dem Roman eines franz. Schriftstellers benannt &#8211; die Form des Nebels \u00e4hnelt der Maske des Protagonisten. Ein weiteres Resultat der &#8222;Sch\u00f6nwetterkatastrophe&#8220; Ende Oktober\/Anfang November. Ein schwierig abzulichtendes Objekt, da sehr lichtschwach.<\/p>\n","protected":false},"author":9,"featured_media":0,"comment_status":"open","ping_status":"open","sticky":false,"template":"","format":"image","meta":{"footnotes":""},"categories":[21],"tags":[],"class_list":["post-3857","post","type-post","status-publish","format-image","hentry","category-astrophotographie","post_format-post-format-image"],"_links":{"self":[{"href":"https:\/\/www.vulkanlandsternwarte.at\/index.php\/wp-json\/wp\/v2\/posts\/3857","targetHints":{"allow":["GET"]}}],"collection":[{"href":"https:\/\/www.vulkanlandsternwarte.at\/index.php\/wp-json\/wp\/v2\/posts"}],"about":[{"href":"https:\/\/www.vulkanlandsternwarte.at\/index.php\/wp-json\/wp\/v2\/types\/post"}],"author":[{"embeddable":true,"href":"https:\/\/www.vulkanlandsternwarte.at\/index.php\/wp-json\/wp\/v2\/users\/9"}],"replies":[{"embeddable":true,"href":"https:\/\/www.vulkanlandsternwarte.at\/index.php\/wp-json\/wp\/v2\/comments?post=3857"}],"version-history":[{"count":2,"href":"https:\/\/www.vulkanlandsternwarte.at\/index.php\/wp-json\/wp\/v2\/posts\/3857\/revisions"}],"predecessor-version":[{"id":3861,"href":"https:\/\/www.vulkanlandsternwarte.at\/index.php\/wp-json\/wp\/v2\/posts\/3857\/revisions\/3861"}],"wp:attachment":[{"href":"https:\/\/www.vulkanlandsternwarte.at\/index.php\/wp-json\/wp\/v2\/media?parent=3857"}],"wp:term":[{"taxonomy":"category","embeddable":true,"href":"https:\/\/www.vulkanlandsternwarte.at\/index.php\/wp-json\/wp\/v2\/categories?post=3857"},{"taxonomy":"post_tag","embeddable":true,"href":"https:\/\/www.vulkanlandsternwarte.at\/index.php\/wp-json\/wp\/v2\/tags?post=3857"}],"curies":[{"name":"wp","href":"https:\/\/api.w.org\/{rel}","templated":true}]}}