{"id":4245,"date":"2022-04-13T09:41:35","date_gmt":"2022-04-13T07:41:35","guid":{"rendered":"https:\/\/www.vulkanlandsternwarte.at\/?p=4245"},"modified":"2022-04-13T09:45:23","modified_gmt":"2022-04-13T07:45:23","slug":"krater-clavius-2","status":"publish","type":"post","link":"https:\/\/www.vulkanlandsternwarte.at\/index.php\/wordpress\/2022\/04\/13\/krater-clavius-2\/","title":{"rendered":"Krater Clavius"},"content":{"rendered":"\n<p class=\"has-text-align-left\">Meine gro\u00dfe Leidenschaft ist das Zeichnen von astronomischen Objekten. Gerade f\u00fcr Anf\u00e4nger ist es eine gute \u00dcbung um das richtige Sehen durch ein Teleskop zu lernen. Auf den folgenden Bildern ist der Krater Clavius zu sehen. Links ein Foto vom 13.03.2022 und zum Vergleich rechts die Zeichnung von Clavius am 11.4.2022. Beobachtet wurde ungef\u00e4hr zur gleichen Mondphase.  Das Foto wurde mit einem 8&#8243; Newton mit 2700mm Brennweite und einer ASI 178MC gemacht. Die Zeichnung wurde mit einem 300\/1500mm Sky Watcher Dobson erstellt. <\/p>\n\n\n\n<div class=\"wp-block-group\"><div class=\"wp-block-group__inner-container is-layout-flow wp-block-group-is-layout-flow\">\n<div class=\"wp-block-columns is-layout-flex wp-container-core-columns-is-layout-9d6595d7 wp-block-columns-is-layout-flex\">\n<div class=\"wp-block-column is-layout-flow wp-block-column-is-layout-flow\">\n<figure class=\"wp-block-image size-large is-resized\"><a href=\"https:\/\/www.vulkanlandsternwarte.at\/wordpress\/wp-content\/uploads\/2022\/04\/Clavius_13_03_2022.jpg\"><img loading=\"lazy\" decoding=\"async\" src=\"https:\/\/www.vulkanlandsternwarte.at\/wordpress\/wp-content\/uploads\/2022\/04\/Clavius_13_03_2022-1024x841.jpg\" alt=\"\" class=\"wp-image-4246\" width=\"614\" height=\"503\" srcset=\"https:\/\/www.vulkanlandsternwarte.at\/wordpress\/wp-content\/uploads\/2022\/04\/Clavius_13_03_2022-1024x841.jpg 1024w, https:\/\/www.vulkanlandsternwarte.at\/wordpress\/wp-content\/uploads\/2022\/04\/Clavius_13_03_2022-300x246.jpg 300w, https:\/\/www.vulkanlandsternwarte.at\/wordpress\/wp-content\/uploads\/2022\/04\/Clavius_13_03_2022-768x631.jpg 768w, https:\/\/www.vulkanlandsternwarte.at\/wordpress\/wp-content\/uploads\/2022\/04\/Clavius_13_03_2022.jpg 1198w\" sizes=\"auto, (max-width: 614px) 100vw, 614px\" \/><\/a><\/figure>\n<\/div>\n\n\n\n<div class=\"wp-block-column is-layout-flow wp-block-column-is-layout-flow\">\n<figure class=\"wp-block-image size-full is-resized\"><a href=\"https:\/\/www.vulkanlandsternwarte.at\/wordpress\/wp-content\/uploads\/2022\/04\/Clavius_11_04_2022.jpg\"><img loading=\"lazy\" decoding=\"async\" src=\"https:\/\/www.vulkanlandsternwarte.at\/wordpress\/wp-content\/uploads\/2022\/04\/Clavius_11_04_2022.jpg\" alt=\"\" class=\"wp-image-4247\" width=\"495\" height=\"495\" srcset=\"https:\/\/www.vulkanlandsternwarte.at\/wordpress\/wp-content\/uploads\/2022\/04\/Clavius_11_04_2022.jpg 640w, https:\/\/www.vulkanlandsternwarte.at\/wordpress\/wp-content\/uploads\/2022\/04\/Clavius_11_04_2022-300x300.jpg 300w, https:\/\/www.vulkanlandsternwarte.at\/wordpress\/wp-content\/uploads\/2022\/04\/Clavius_11_04_2022-150x150.jpg 150w\" sizes=\"auto, (max-width: 495px) 100vw, 495px\" \/><\/a><\/figure>\n<\/div>\n<\/div>\n<\/div><\/div>\n\n\n\n<p><\/p>\n\n\n\n<figure class=\"wp-block-gallery has-nested-images columns-default is-cropped wp-block-gallery-1 is-layout-flex wp-block-gallery-is-layout-flex\"><\/figure>\n","protected":false},"excerpt":{"rendered":"<p>Meine gro\u00dfe Leidenschaft ist das Zeichnen von astronomischen Objekten. Gerade f\u00fcr Anf\u00e4nger ist es eine gute \u00dcbung um das richtige Sehen durch ein Teleskop zu lernen. Auf den folgenden Bildern ist der Krater Clavius zu sehen. Links ein Foto vom 13.03.2022 und zum Vergleich rechts die Zeichnung von Clavius am 11.4.2022. Beobachtet wurde ungef\u00e4hr zur &hellip; <\/p>\n<p class=\"link-more\"><a href=\"https:\/\/www.vulkanlandsternwarte.at\/index.php\/wordpress\/2022\/04\/13\/krater-clavius-2\/\" class=\"more-link\">Read more<span class=\"screen-reader-text\"> &#8222;Krater Clavius&#8220;<\/span><\/a><\/p>\n","protected":false},"author":11,"featured_media":0,"comment_status":"open","ping_status":"open","sticky":false,"template":"","format":"image","meta":{"footnotes":""},"categories":[20],"tags":[],"class_list":["post-4245","post","type-post","status-publish","format-image","hentry","category-mond","post_format-post-format-image"],"_links":{"self":[{"href":"https:\/\/www.vulkanlandsternwarte.at\/index.php\/wp-json\/wp\/v2\/posts\/4245","targetHints":{"allow":["GET"]}}],"collection":[{"href":"https:\/\/www.vulkanlandsternwarte.at\/index.php\/wp-json\/wp\/v2\/posts"}],"about":[{"href":"https:\/\/www.vulkanlandsternwarte.at\/index.php\/wp-json\/wp\/v2\/types\/post"}],"author":[{"embeddable":true,"href":"https:\/\/www.vulkanlandsternwarte.at\/index.php\/wp-json\/wp\/v2\/users\/11"}],"replies":[{"embeddable":true,"href":"https:\/\/www.vulkanlandsternwarte.at\/index.php\/wp-json\/wp\/v2\/comments?post=4245"}],"version-history":[{"count":1,"href":"https:\/\/www.vulkanlandsternwarte.at\/index.php\/wp-json\/wp\/v2\/posts\/4245\/revisions"}],"predecessor-version":[{"id":4249,"href":"https:\/\/www.vulkanlandsternwarte.at\/index.php\/wp-json\/wp\/v2\/posts\/4245\/revisions\/4249"}],"wp:attachment":[{"href":"https:\/\/www.vulkanlandsternwarte.at\/index.php\/wp-json\/wp\/v2\/media?parent=4245"}],"wp:term":[{"taxonomy":"category","embeddable":true,"href":"https:\/\/www.vulkanlandsternwarte.at\/index.php\/wp-json\/wp\/v2\/categories?post=4245"},{"taxonomy":"post_tag","embeddable":true,"href":"https:\/\/www.vulkanlandsternwarte.at\/index.php\/wp-json\/wp\/v2\/tags?post=4245"}],"curies":[{"name":"wp","href":"https:\/\/api.w.org\/{rel}","templated":true}]}}