{"id":5045,"date":"2023-01-02T09:15:46","date_gmt":"2023-01-02T08:15:46","guid":{"rendered":"https:\/\/www.vulkanlandsternwarte.at\/?p=5045"},"modified":"2023-01-02T09:16:25","modified_gmt":"2023-01-02T08:16:25","slug":"die-sonne-am-ersten-tag-des-jahres","status":"publish","type":"post","link":"https:\/\/www.vulkanlandsternwarte.at\/index.php\/wordpress\/2023\/01\/02\/die-sonne-am-ersten-tag-des-jahres\/","title":{"rendered":"Die Sonne am ersten Tag des Jahres"},"content":{"rendered":"\n<figure class=\"wp-block-image size-large is-resized\"><a href=\"https:\/\/www.vulkanlandsternwarte.at\/wordpress\/wp-content\/uploads\/2023\/01\/Sun_2023.jpg\"><img loading=\"lazy\" decoding=\"async\" src=\"https:\/\/www.vulkanlandsternwarte.at\/wordpress\/wp-content\/uploads\/2023\/01\/Sun_2023-1024x1024.jpg\" alt=\"\" class=\"wp-image-5046\" width=\"768\" height=\"768\" srcset=\"https:\/\/www.vulkanlandsternwarte.at\/wordpress\/wp-content\/uploads\/2023\/01\/Sun_2023-1024x1024.jpg 1024w, https:\/\/www.vulkanlandsternwarte.at\/wordpress\/wp-content\/uploads\/2023\/01\/Sun_2023-300x300.jpg 300w, https:\/\/www.vulkanlandsternwarte.at\/wordpress\/wp-content\/uploads\/2023\/01\/Sun_2023-150x150.jpg 150w, https:\/\/www.vulkanlandsternwarte.at\/wordpress\/wp-content\/uploads\/2023\/01\/Sun_2023-768x768.jpg 768w, https:\/\/www.vulkanlandsternwarte.at\/wordpress\/wp-content\/uploads\/2023\/01\/Sun_2023-1536x1536.jpg 1536w, https:\/\/www.vulkanlandsternwarte.at\/wordpress\/wp-content\/uploads\/2023\/01\/Sun_2023-2048x2048.jpg 2048w, https:\/\/www.vulkanlandsternwarte.at\/wordpress\/wp-content\/uploads\/2023\/01\/Sun_2023-2000x2001.jpg 2000w\" sizes=\"auto, (max-width: 768px) 100vw, 768px\" \/><\/a><figcaption>DSLM + 150-600mm Objektiv + Filter<\/figcaption><\/figure>\n\n\n\n<p>Weiterhin ziehen immer wieder mehrere Fleckengruppen \u00fcber die Sonnenoberfl\u00e4che, passend zur Zunahme in diesem Zyklus, dessen H\u00f6hepunkt f\u00fcr Ende 2024, Anfang 2025 erwartet wird.<\/p>\n","protected":false},"excerpt":{"rendered":"<p>Weiterhin ziehen immer wieder mehrere Fleckengruppen \u00fcber die Sonnenoberfl\u00e4che, passend zur Zunahme in diesem Zyklus, dessen H\u00f6hepunkt f\u00fcr Ende 2024, Anfang 2025 erwartet wird.<\/p>\n","protected":false},"author":9,"featured_media":0,"comment_status":"closed","ping_status":"closed","sticky":false,"template":"","format":"image","meta":{"footnotes":""},"categories":[47],"tags":[],"class_list":["post-5045","post","type-post","status-publish","format-image","hentry","category-sonne","post_format-post-format-image"],"_links":{"self":[{"href":"https:\/\/www.vulkanlandsternwarte.at\/index.php\/wp-json\/wp\/v2\/posts\/5045","targetHints":{"allow":["GET"]}}],"collection":[{"href":"https:\/\/www.vulkanlandsternwarte.at\/index.php\/wp-json\/wp\/v2\/posts"}],"about":[{"href":"https:\/\/www.vulkanlandsternwarte.at\/index.php\/wp-json\/wp\/v2\/types\/post"}],"author":[{"embeddable":true,"href":"https:\/\/www.vulkanlandsternwarte.at\/index.php\/wp-json\/wp\/v2\/users\/9"}],"replies":[{"embeddable":true,"href":"https:\/\/www.vulkanlandsternwarte.at\/index.php\/wp-json\/wp\/v2\/comments?post=5045"}],"version-history":[{"count":2,"href":"https:\/\/www.vulkanlandsternwarte.at\/index.php\/wp-json\/wp\/v2\/posts\/5045\/revisions"}],"predecessor-version":[{"id":5048,"href":"https:\/\/www.vulkanlandsternwarte.at\/index.php\/wp-json\/wp\/v2\/posts\/5045\/revisions\/5048"}],"wp:attachment":[{"href":"https:\/\/www.vulkanlandsternwarte.at\/index.php\/wp-json\/wp\/v2\/media?parent=5045"}],"wp:term":[{"taxonomy":"category","embeddable":true,"href":"https:\/\/www.vulkanlandsternwarte.at\/index.php\/wp-json\/wp\/v2\/categories?post=5045"},{"taxonomy":"post_tag","embeddable":true,"href":"https:\/\/www.vulkanlandsternwarte.at\/index.php\/wp-json\/wp\/v2\/tags?post=5045"}],"curies":[{"name":"wp","href":"https:\/\/api.w.org\/{rel}","templated":true}]}}