{"id":5108,"date":"2023-02-08T10:02:39","date_gmt":"2023-02-08T09:02:39","guid":{"rendered":"https:\/\/www.vulkanlandsternwarte.at\/?p=5108"},"modified":"2023-02-08T14:36:44","modified_gmt":"2023-02-08T13:36:44","slug":"komet-ztf-am-7-februar","status":"publish","type":"post","link":"https:\/\/www.vulkanlandsternwarte.at\/index.php\/wordpress\/2023\/02\/08\/komet-ztf-am-7-februar\/","title":{"rendered":"Komet ZTF am 7. Februar"},"content":{"rendered":"\n<figure class=\"wp-block-image size-large\"><a href=\"https:\/\/www.vulkanlandsternwarte.at\/wordpress\/wp-content\/uploads\/2023\/02\/Comet_ZTF_APP.jpg\"><img loading=\"lazy\" decoding=\"async\" width=\"1024\" height=\"682\" src=\"https:\/\/www.vulkanlandsternwarte.at\/wordpress\/wp-content\/uploads\/2023\/02\/Comet_ZTF_APP-1024x682.jpg\" alt=\"\" class=\"wp-image-5116\" srcset=\"https:\/\/www.vulkanlandsternwarte.at\/wordpress\/wp-content\/uploads\/2023\/02\/Comet_ZTF_APP-1024x682.jpg 1024w, https:\/\/www.vulkanlandsternwarte.at\/wordpress\/wp-content\/uploads\/2023\/02\/Comet_ZTF_APP-300x200.jpg 300w, https:\/\/www.vulkanlandsternwarte.at\/wordpress\/wp-content\/uploads\/2023\/02\/Comet_ZTF_APP-768x512.jpg 768w, https:\/\/www.vulkanlandsternwarte.at\/wordpress\/wp-content\/uploads\/2023\/02\/Comet_ZTF_APP-1536x1024.jpg 1536w, https:\/\/www.vulkanlandsternwarte.at\/wordpress\/wp-content\/uploads\/2023\/02\/Comet_ZTF_APP.jpg 2000w\" sizes=\"auto, (max-width: 1024px) 100vw, 1024px\" \/><\/a><figcaption>Comet &#8222;ZTF&#8220; C\/2022 E3\r\r10inch Lacerta Carbon Newton on EQ8\rNIKON D810a\rMGEN-3 autoguider on Evoguide 50ED<\/figcaption><\/figure>\n\n\n\n<p>Komet C\/2022 E3, genannt &#8222;ZTF&#8220;, am fr\u00fchen Abend des 7. Februar, noch vor Mondaufgang. Leider kann und konnte dieser Komet zu keinem Zeitpunkt seines Besuchs im inneren Sonnensystem auch nur ann\u00e4hernd die Helligkeit und Schweifausbildung erreichen wie es Komet Neowise im Jahr 2020 geschafft hatte. Er blieb, einerseits ob des schlechten Wetters zum besten Zeitpunkt, andererseits ob des st\u00f6renden Mondlichts, ein zumindest Fernglasobjekt und die gr\u00fcne Koma ist auch nur mit der Kamera sichtbar, nicht mit blo\u00dfen Augen. Der bl\u00e4uliche Plasmaschweif ist inzwischen  auch verschwunden.<\/p>\n","protected":false},"excerpt":{"rendered":"<p>Komet C\/2022 E3, genannt &#8222;ZTF&#8220;, am fr\u00fchen Abend des 7. Februar, noch vor Mondaufgang. Leider kann und konnte dieser Komet zu keinem Zeitpunkt seines Besuchs im inneren Sonnensystem auch nur ann\u00e4hernd die Helligkeit und Schweifausbildung erreichen wie es Komet Neowise im Jahr 2020 geschafft hatte. Er blieb, einerseits ob des schlechten Wetters zum besten Zeitpunkt, &hellip; <\/p>\n<p class=\"link-more\"><a href=\"https:\/\/www.vulkanlandsternwarte.at\/index.php\/wordpress\/2023\/02\/08\/komet-ztf-am-7-februar\/\" class=\"more-link\">Read more<span class=\"screen-reader-text\"> &#8222;Komet ZTF am 7. Februar&#8220;<\/span><\/a><\/p>\n","protected":false},"author":9,"featured_media":0,"comment_status":"closed","ping_status":"closed","sticky":false,"template":"","format":"image","meta":{"footnotes":""},"categories":[44],"tags":[],"class_list":["post-5108","post","type-post","status-publish","format-image","hentry","category-kometen","post_format-post-format-image"],"_links":{"self":[{"href":"https:\/\/www.vulkanlandsternwarte.at\/index.php\/wp-json\/wp\/v2\/posts\/5108","targetHints":{"allow":["GET"]}}],"collection":[{"href":"https:\/\/www.vulkanlandsternwarte.at\/index.php\/wp-json\/wp\/v2\/posts"}],"about":[{"href":"https:\/\/www.vulkanlandsternwarte.at\/index.php\/wp-json\/wp\/v2\/types\/post"}],"author":[{"embeddable":true,"href":"https:\/\/www.vulkanlandsternwarte.at\/index.php\/wp-json\/wp\/v2\/users\/9"}],"replies":[{"embeddable":true,"href":"https:\/\/www.vulkanlandsternwarte.at\/index.php\/wp-json\/wp\/v2\/comments?post=5108"}],"version-history":[{"count":2,"href":"https:\/\/www.vulkanlandsternwarte.at\/index.php\/wp-json\/wp\/v2\/posts\/5108\/revisions"}],"predecessor-version":[{"id":5117,"href":"https:\/\/www.vulkanlandsternwarte.at\/index.php\/wp-json\/wp\/v2\/posts\/5108\/revisions\/5117"}],"wp:attachment":[{"href":"https:\/\/www.vulkanlandsternwarte.at\/index.php\/wp-json\/wp\/v2\/media?parent=5108"}],"wp:term":[{"taxonomy":"category","embeddable":true,"href":"https:\/\/www.vulkanlandsternwarte.at\/index.php\/wp-json\/wp\/v2\/categories?post=5108"},{"taxonomy":"post_tag","embeddable":true,"href":"https:\/\/www.vulkanlandsternwarte.at\/index.php\/wp-json\/wp\/v2\/tags?post=5108"}],"curies":[{"name":"wp","href":"https:\/\/api.w.org\/{rel}","templated":true}]}}