{"id":5255,"date":"2023-04-06T18:13:11","date_gmt":"2023-04-06T16:13:11","guid":{"rendered":"https:\/\/www.vulkanlandsternwarte.at\/?p=5255"},"modified":"2023-04-06T18:13:12","modified_gmt":"2023-04-06T16:13:12","slug":"prachtvolle-fruehlingssonne","status":"publish","type":"post","link":"https:\/\/www.vulkanlandsternwarte.at\/index.php\/wordpress\/2023\/04\/06\/prachtvolle-fruehlingssonne\/","title":{"rendered":"Prachtvolle Fr\u00fchlingssonne"},"content":{"rendered":"\n<figure class=\"wp-block-image size-large is-style-default\"><a href=\"https:\/\/www.vulkanlandsternwarte.at\/wordpress\/wp-content\/uploads\/2023\/04\/Sun_2023_04_06.jpg\"><img loading=\"lazy\" decoding=\"async\" width=\"1024\" height=\"1024\" src=\"https:\/\/www.vulkanlandsternwarte.at\/wordpress\/wp-content\/uploads\/2023\/04\/Sun_2023_04_06-1024x1024.jpg\" alt=\"\" class=\"wp-image-5256\" srcset=\"https:\/\/www.vulkanlandsternwarte.at\/wordpress\/wp-content\/uploads\/2023\/04\/Sun_2023_04_06-1024x1024.jpg 1024w, https:\/\/www.vulkanlandsternwarte.at\/wordpress\/wp-content\/uploads\/2023\/04\/Sun_2023_04_06-300x300.jpg 300w, https:\/\/www.vulkanlandsternwarte.at\/wordpress\/wp-content\/uploads\/2023\/04\/Sun_2023_04_06-150x150.jpg 150w, https:\/\/www.vulkanlandsternwarte.at\/wordpress\/wp-content\/uploads\/2023\/04\/Sun_2023_04_06-768x768.jpg 768w, https:\/\/www.vulkanlandsternwarte.at\/wordpress\/wp-content\/uploads\/2023\/04\/Sun_2023_04_06-1536x1536.jpg 1536w, https:\/\/www.vulkanlandsternwarte.at\/wordpress\/wp-content\/uploads\/2023\/04\/Sun_2023_04_06.jpg 2000w\" sizes=\"auto, (max-width: 1024px) 100vw, 1024px\" \/><\/a><figcaption>6 Zoll ED Super APO-Triplett + Webcam<\/figcaption><\/figure>\n\n\n\n<p>Unser Zentralgestirn erleuchtet seit dem Fr\u00fchlingsbeginn die n\u00f6rdliche Hemisph\u00e4re stets mehr als die s\u00fcdliche, die nun ihrerseits den Herbst begonnen hat. Immer steiler fallen nun die w\u00e4rmenden Sonnenstrahlen in unseren Breiten ein und erm\u00f6glichen es uns wieder detaillierte Aufnahmen der Sonnenoberfl\u00e4che zu erstellen.<\/p>\n","protected":false},"excerpt":{"rendered":"<p>Unser Zentralgestirn erleuchtet seit dem Fr\u00fchlingsbeginn die n\u00f6rdliche Hemisph\u00e4re stets mehr als die s\u00fcdliche, die nun ihrerseits den Herbst begonnen hat. Immer steiler fallen nun die w\u00e4rmenden Sonnenstrahlen in unseren Breiten ein und erm\u00f6glichen es uns wieder detaillierte Aufnahmen der Sonnenoberfl\u00e4che zu erstellen.<\/p>\n","protected":false},"author":9,"featured_media":0,"comment_status":"closed","ping_status":"closed","sticky":false,"template":"","format":"image","meta":{"footnotes":""},"categories":[47],"tags":[],"class_list":["post-5255","post","type-post","status-publish","format-image","hentry","category-sonne","post_format-post-format-image"],"_links":{"self":[{"href":"https:\/\/www.vulkanlandsternwarte.at\/index.php\/wp-json\/wp\/v2\/posts\/5255","targetHints":{"allow":["GET"]}}],"collection":[{"href":"https:\/\/www.vulkanlandsternwarte.at\/index.php\/wp-json\/wp\/v2\/posts"}],"about":[{"href":"https:\/\/www.vulkanlandsternwarte.at\/index.php\/wp-json\/wp\/v2\/types\/post"}],"author":[{"embeddable":true,"href":"https:\/\/www.vulkanlandsternwarte.at\/index.php\/wp-json\/wp\/v2\/users\/9"}],"replies":[{"embeddable":true,"href":"https:\/\/www.vulkanlandsternwarte.at\/index.php\/wp-json\/wp\/v2\/comments?post=5255"}],"version-history":[{"count":1,"href":"https:\/\/www.vulkanlandsternwarte.at\/index.php\/wp-json\/wp\/v2\/posts\/5255\/revisions"}],"predecessor-version":[{"id":5257,"href":"https:\/\/www.vulkanlandsternwarte.at\/index.php\/wp-json\/wp\/v2\/posts\/5255\/revisions\/5257"}],"wp:attachment":[{"href":"https:\/\/www.vulkanlandsternwarte.at\/index.php\/wp-json\/wp\/v2\/media?parent=5255"}],"wp:term":[{"taxonomy":"category","embeddable":true,"href":"https:\/\/www.vulkanlandsternwarte.at\/index.php\/wp-json\/wp\/v2\/categories?post=5255"},{"taxonomy":"post_tag","embeddable":true,"href":"https:\/\/www.vulkanlandsternwarte.at\/index.php\/wp-json\/wp\/v2\/tags?post=5255"}],"curies":[{"name":"wp","href":"https:\/\/api.w.org\/{rel}","templated":true}]}}