{"id":5419,"date":"2023-07-08T12:20:37","date_gmt":"2023-07-08T10:20:37","guid":{"rendered":"https:\/\/www.vulkanlandsternwarte.at\/?p=5419"},"modified":"2023-07-08T12:20:38","modified_gmt":"2023-07-08T10:20:38","slug":"aktive-sonne-am-8-juli-2023","status":"publish","type":"post","link":"https:\/\/www.vulkanlandsternwarte.at\/index.php\/wordpress\/2023\/07\/08\/aktive-sonne-am-8-juli-2023\/","title":{"rendered":"Aktive Sonne am 8. Juli 2023"},"content":{"rendered":"\n<figure class=\"wp-block-image size-large is-style-default\"><a href=\"https:\/\/www.vulkanlandsternwarte.at\/wordpress\/wp-content\/uploads\/2023\/07\/L1020189.jpg\"><img loading=\"lazy\" decoding=\"async\" width=\"1024\" height=\"683\" src=\"https:\/\/www.vulkanlandsternwarte.at\/wordpress\/wp-content\/uploads\/2023\/07\/L1020189-1024x683.jpg\" alt=\"\" class=\"wp-image-5420\" srcset=\"https:\/\/www.vulkanlandsternwarte.at\/wordpress\/wp-content\/uploads\/2023\/07\/L1020189-1024x683.jpg 1024w, https:\/\/www.vulkanlandsternwarte.at\/wordpress\/wp-content\/uploads\/2023\/07\/L1020189-300x200.jpg 300w, https:\/\/www.vulkanlandsternwarte.at\/wordpress\/wp-content\/uploads\/2023\/07\/L1020189-768x512.jpg 768w, https:\/\/www.vulkanlandsternwarte.at\/wordpress\/wp-content\/uploads\/2023\/07\/L1020189-1536x1024.jpg 1536w, https:\/\/www.vulkanlandsternwarte.at\/wordpress\/wp-content\/uploads\/2023\/07\/L1020189-2048x1366.jpg 2048w, https:\/\/www.vulkanlandsternwarte.at\/wordpress\/wp-content\/uploads\/2023\/07\/L1020189-2000x1334.jpg 2000w\" sizes=\"auto, (max-width: 1024px) 100vw, 1024px\" \/><\/a><figcaption>DSLM + Teleobjektiv + ND5.0 Filter<\/figcaption><\/figure>\n\n\n\n<p>Weiterhin erfreut uns die Sonne mit zahlreichen Fleckengruppen, die \u00fcber ihre Oberfl\u00e4che wandern. Eine besonders gro\u00dfe &#8211; AR3363, hat dabei fast jene Ausma\u00dfe erreicht, dass sie mit den blo\u00dfen Augen (BITTE nur mit entsprechendem Schutz, zB einer SoFi-Brille) erkannt werden k\u00f6nnte &#8211; mal abwarten was die n\u00e4chsten Tage bringen.<\/p>\n","protected":false},"excerpt":{"rendered":"<p>Weiterhin erfreut uns die Sonne mit zahlreichen Fleckengruppen, die \u00fcber ihre Oberfl\u00e4che wandern. Eine besonders gro\u00dfe &#8211; AR3363, hat dabei fast jene Ausma\u00dfe erreicht, dass sie mit den blo\u00dfen Augen (BITTE nur mit entsprechendem Schutz, zB einer SoFi-Brille) erkannt werden k\u00f6nnte &#8211; mal abwarten was die n\u00e4chsten Tage bringen.<\/p>\n","protected":false},"author":9,"featured_media":0,"comment_status":"closed","ping_status":"closed","sticky":false,"template":"","format":"image","meta":{"footnotes":""},"categories":[47],"tags":[],"class_list":["post-5419","post","type-post","status-publish","format-image","hentry","category-sonne","post_format-post-format-image"],"_links":{"self":[{"href":"https:\/\/www.vulkanlandsternwarte.at\/index.php\/wp-json\/wp\/v2\/posts\/5419","targetHints":{"allow":["GET"]}}],"collection":[{"href":"https:\/\/www.vulkanlandsternwarte.at\/index.php\/wp-json\/wp\/v2\/posts"}],"about":[{"href":"https:\/\/www.vulkanlandsternwarte.at\/index.php\/wp-json\/wp\/v2\/types\/post"}],"author":[{"embeddable":true,"href":"https:\/\/www.vulkanlandsternwarte.at\/index.php\/wp-json\/wp\/v2\/users\/9"}],"replies":[{"embeddable":true,"href":"https:\/\/www.vulkanlandsternwarte.at\/index.php\/wp-json\/wp\/v2\/comments?post=5419"}],"version-history":[{"count":1,"href":"https:\/\/www.vulkanlandsternwarte.at\/index.php\/wp-json\/wp\/v2\/posts\/5419\/revisions"}],"predecessor-version":[{"id":5421,"href":"https:\/\/www.vulkanlandsternwarte.at\/index.php\/wp-json\/wp\/v2\/posts\/5419\/revisions\/5421"}],"wp:attachment":[{"href":"https:\/\/www.vulkanlandsternwarte.at\/index.php\/wp-json\/wp\/v2\/media?parent=5419"}],"wp:term":[{"taxonomy":"category","embeddable":true,"href":"https:\/\/www.vulkanlandsternwarte.at\/index.php\/wp-json\/wp\/v2\/categories?post=5419"},{"taxonomy":"post_tag","embeddable":true,"href":"https:\/\/www.vulkanlandsternwarte.at\/index.php\/wp-json\/wp\/v2\/tags?post=5419"}],"curies":[{"name":"wp","href":"https:\/\/api.w.org\/{rel}","templated":true}]}}