{"id":5625,"date":"2023-09-13T12:41:27","date_gmt":"2023-09-13T10:41:27","guid":{"rendered":"https:\/\/www.vulkanlandsternwarte.at\/?p=5625"},"modified":"2023-09-13T12:41:28","modified_gmt":"2023-09-13T10:41:28","slug":"das-feuer-der-sonne","status":"publish","type":"post","link":"https:\/\/www.vulkanlandsternwarte.at\/index.php\/wordpress\/2023\/09\/13\/das-feuer-der-sonne\/","title":{"rendered":"Das &#8222;Feuer&#8220; der Sonne"},"content":{"rendered":"\n<figure class=\"wp-block-gallery has-nested-images columns-default is-cropped wp-block-gallery-1 is-layout-flex wp-block-gallery-is-layout-flex\">\n<figure class=\"wp-block-image size-large is-style-default\"><a href=\"https:\/\/www.vulkanlandsternwarte.at\/wordpress\/wp-content\/uploads\/2023\/09\/Sun_2023_09-12_0731_prom-1_50x.jpg\"><img loading=\"lazy\" decoding=\"async\" width=\"1024\" height=\"682\" data-id=\"5626\" src=\"https:\/\/www.vulkanlandsternwarte.at\/wordpress\/wp-content\/uploads\/2023\/09\/Sun_2023_09-12_0731_prom-1_50x-1024x682.jpg\" alt=\"\" class=\"wp-image-5626\" srcset=\"https:\/\/www.vulkanlandsternwarte.at\/wordpress\/wp-content\/uploads\/2023\/09\/Sun_2023_09-12_0731_prom-1_50x-1024x682.jpg 1024w, https:\/\/www.vulkanlandsternwarte.at\/wordpress\/wp-content\/uploads\/2023\/09\/Sun_2023_09-12_0731_prom-1_50x-300x200.jpg 300w, https:\/\/www.vulkanlandsternwarte.at\/wordpress\/wp-content\/uploads\/2023\/09\/Sun_2023_09-12_0731_prom-1_50x-768x511.jpg 768w, https:\/\/www.vulkanlandsternwarte.at\/wordpress\/wp-content\/uploads\/2023\/09\/Sun_2023_09-12_0731_prom-1_50x.jpg 1248w\" sizes=\"auto, (max-width: 1024px) 100vw, 1024px\" \/><\/a><\/figure>\n\n\n\n<figure class=\"wp-block-image size-large is-style-default\"><a href=\"https:\/\/www.vulkanlandsternwarte.at\/wordpress\/wp-content\/uploads\/2023\/09\/Sun_2023_09_12_0755_sunspots.jpg\"><img loading=\"lazy\" decoding=\"async\" width=\"1024\" height=\"700\" data-id=\"5627\" src=\"https:\/\/www.vulkanlandsternwarte.at\/wordpress\/wp-content\/uploads\/2023\/09\/Sun_2023_09_12_0755_sunspots-1024x700.jpg\" alt=\"\" class=\"wp-image-5627\" srcset=\"https:\/\/www.vulkanlandsternwarte.at\/wordpress\/wp-content\/uploads\/2023\/09\/Sun_2023_09_12_0755_sunspots-1024x700.jpg 1024w, https:\/\/www.vulkanlandsternwarte.at\/wordpress\/wp-content\/uploads\/2023\/09\/Sun_2023_09_12_0755_sunspots-300x205.jpg 300w, https:\/\/www.vulkanlandsternwarte.at\/wordpress\/wp-content\/uploads\/2023\/09\/Sun_2023_09_12_0755_sunspots-768x525.jpg 768w, https:\/\/www.vulkanlandsternwarte.at\/wordpress\/wp-content\/uploads\/2023\/09\/Sun_2023_09_12_0755_sunspots-1536x1050.jpg 1536w, https:\/\/www.vulkanlandsternwarte.at\/wordpress\/wp-content\/uploads\/2023\/09\/Sun_2023_09_12_0755_sunspots.jpg 1592w\" sizes=\"auto, (max-width: 1024px) 100vw, 1024px\" \/><\/a><\/figure>\n<\/figure>\n\n\n\n<p>Beeindruckend, m\u00e4chtig und wundersch\u00f6n zugleich sind die Strukturen, die in der Chromosph\u00e4re der Sonne, einer d\u00fcnnen, leuchtschwachen Schicht der Sonnenatmosph\u00e4re, die \u00fcber der weit helleren Photosph\u00e4re liegt, mit Hilfe von Spezialfiltern sichtbar gemacht werden k\u00f6nnen. Im Bild sch\u00f6n zu sehen &#8211; Spikulen und Protuberanzen am Sonnenrand, sowie eine Fleckengruppe, die \u00fcber Tage hinweg \u00fcber die Sonnenoberfl\u00e4che wandert.<\/p>\n","protected":false},"excerpt":{"rendered":"<p>Beeindruckend, m\u00e4chtig und wundersch\u00f6n zugleich sind die Strukturen, die in der Chromosph\u00e4re der Sonne, einer d\u00fcnnen, leuchtschwachen Schicht der Sonnenatmosph\u00e4re, die \u00fcber der weit helleren Photosph\u00e4re liegt, mit Hilfe von Spezialfiltern sichtbar gemacht werden k\u00f6nnen. Im Bild sch\u00f6n zu sehen &#8211; Spikulen und Protuberanzen am Sonnenrand, sowie eine Fleckengruppe, die \u00fcber Tage hinweg \u00fcber die &hellip; <\/p>\n<p class=\"link-more\"><a href=\"https:\/\/www.vulkanlandsternwarte.at\/index.php\/wordpress\/2023\/09\/13\/das-feuer-der-sonne\/\" class=\"more-link\">Read more<span class=\"screen-reader-text\"> &#8222;Das &#8222;Feuer&#8220; der Sonne&#8220;<\/span><\/a><\/p>\n","protected":false},"author":9,"featured_media":0,"comment_status":"closed","ping_status":"closed","sticky":false,"template":"","format":"gallery","meta":{"footnotes":""},"categories":[47],"tags":[],"class_list":["post-5625","post","type-post","status-publish","format-gallery","hentry","category-sonne","post_format-post-format-gallery"],"_links":{"self":[{"href":"https:\/\/www.vulkanlandsternwarte.at\/index.php\/wp-json\/wp\/v2\/posts\/5625","targetHints":{"allow":["GET"]}}],"collection":[{"href":"https:\/\/www.vulkanlandsternwarte.at\/index.php\/wp-json\/wp\/v2\/posts"}],"about":[{"href":"https:\/\/www.vulkanlandsternwarte.at\/index.php\/wp-json\/wp\/v2\/types\/post"}],"author":[{"embeddable":true,"href":"https:\/\/www.vulkanlandsternwarte.at\/index.php\/wp-json\/wp\/v2\/users\/9"}],"replies":[{"embeddable":true,"href":"https:\/\/www.vulkanlandsternwarte.at\/index.php\/wp-json\/wp\/v2\/comments?post=5625"}],"version-history":[{"count":1,"href":"https:\/\/www.vulkanlandsternwarte.at\/index.php\/wp-json\/wp\/v2\/posts\/5625\/revisions"}],"predecessor-version":[{"id":5628,"href":"https:\/\/www.vulkanlandsternwarte.at\/index.php\/wp-json\/wp\/v2\/posts\/5625\/revisions\/5628"}],"wp:attachment":[{"href":"https:\/\/www.vulkanlandsternwarte.at\/index.php\/wp-json\/wp\/v2\/media?parent=5625"}],"wp:term":[{"taxonomy":"category","embeddable":true,"href":"https:\/\/www.vulkanlandsternwarte.at\/index.php\/wp-json\/wp\/v2\/categories?post=5625"},{"taxonomy":"post_tag","embeddable":true,"href":"https:\/\/www.vulkanlandsternwarte.at\/index.php\/wp-json\/wp\/v2\/tags?post=5625"}],"curies":[{"name":"wp","href":"https:\/\/api.w.org\/{rel}","templated":true}]}}