{"id":6200,"date":"2024-09-11T12:54:06","date_gmt":"2024-09-11T10:54:06","guid":{"rendered":"https:\/\/www.vulkanlandsternwarte.at\/?p=6200"},"modified":"2024-09-11T12:54:07","modified_gmt":"2024-09-11T10:54:07","slug":"das-helle-band-am-himmel","status":"publish","type":"post","link":"https:\/\/www.vulkanlandsternwarte.at\/index.php\/wordpress\/2024\/09\/11\/das-helle-band-am-himmel\/","title":{"rendered":"Das helle Band am Himmel"},"content":{"rendered":"\n<p>Hell gl\u00fchend spannt sich die Milchstra\u00dfe bogenf\u00f6rmig \u00fcber den Sommerhimmel. Ihn zu sehen ist leicht. Der Mensch hat dazu die besten Beobachtungsinstrumente immer mit dabei- seine Augen! Braucht man f\u00fcr die Beobachtung von Planeten hoch vergr\u00f6\u00dferte Teleskope, f\u00fcr die Fotografie von schwachen Nebeln eine exakte Nachf\u00fchrung, so kann kein Ger\u00e4t das Leuchten unserer Heimatgalaxie \u00fcber den ganzen Himmel einfangen wie unsere Augen. Lebten wir nicht in der Milchstra\u00dfe, w\u00fcrde der Nachthimmel nur pechschwarz sein, kein Stern w\u00e4re zu sehen, einzig das ferne W\u00f6lkchen der Andromedagalaxie w\u00e4re mit freiem Auge zu erahnen. Die Milchstra\u00dfe beginnt im S\u00fcden, beim Sternbild Sch\u00fctze. Dort befindet sich auch das Zentrum der Milchstra\u00dfe mit dem supermassiven schwarzen Loch. Weiter flie\u00dft der silberne Strom der Milchstra\u00dfe ins Sternbild Adler. Der Kopf des Adlers schaut aus dem leuchtenden Band heraus. \u00dcber dem Adler gibt es einige besonders helle Sternenwolken, die schlie\u00dflich das Sternbild Schwan erreichen. Auch als Kreuz des Nordens bekannt fliegt der Schwan im Sommer genau \u00fcber unseren K\u00f6pfen, flankiert vom hellen Stern Wega im Sternbild Leier. Schlie\u00dflich m\u00fcndet die Milchstra\u00dfe etwas weniger hell, aber nicht minder eindrucksvoll in das Sternbild Kassiopeia. Unz\u00e4hlige Mythen hatte die Menschheit \u00fcber die Milchstra\u00dfe erz\u00e4hlt. In Australien strahlt sie so hell vom Himmel das die Ureinwohner, die Aborigenes, nicht die Sterne als Sternbilder sahen, sondern in den Dunkelwolken der Milchstra\u00dfe Figuren erkannten. Wie fasziniert unsere Ahnen von der Milchstra\u00dfe waren k\u00f6nnen wir nur erahnen. Hier spannt sich die Milchstra\u00dfe \u00fcber die Kuppel der Vulkanlandsternwarte. Besonders gut war die Milchstra\u00dfe hier w\u00e4hrend der Earth Night am 6.September 2024 zu sehen. Die Earth Night findet immer im Herbst statt, dabei werden Gemeinden, Firmen und Privatleute dazu aufgerufen die Lichter von 22.00 bis 6.00 auszuschalten, um den Sternenhimmel besser zu sehen, Energie zu sparen und die Natur zu sch\u00fctzen. Wir sollten wieder mehr aus unseren H\u00e4usern gehen, weg vom Fernseher, um die Wunder des Himmels zu sehen!<\/p>\n\n\n\n<figure class=\"wp-block-gallery has-nested-images columns-default is-cropped wp-block-gallery-1 is-layout-flex wp-block-gallery-is-layout-flex\">\n<figure class=\"wp-block-image size-large\"><a href=\"https:\/\/www.vulkanlandsternwarte.at\/wordpress\/wp-content\/uploads\/2024\/09\/457381295_26592498750396293_8802748666976509879_n.jpg\"><img loading=\"lazy\" decoding=\"async\" width=\"1024\" height=\"872\" data-id=\"6201\" src=\"https:\/\/www.vulkanlandsternwarte.at\/wordpress\/wp-content\/uploads\/2024\/09\/457381295_26592498750396293_8802748666976509879_n-1024x872.jpg\" alt=\"\" class=\"wp-image-6201\" srcset=\"https:\/\/www.vulkanlandsternwarte.at\/wordpress\/wp-content\/uploads\/2024\/09\/457381295_26592498750396293_8802748666976509879_n-1024x872.jpg 1024w, https:\/\/www.vulkanlandsternwarte.at\/wordpress\/wp-content\/uploads\/2024\/09\/457381295_26592498750396293_8802748666976509879_n-300x255.jpg 300w, https:\/\/www.vulkanlandsternwarte.at\/wordpress\/wp-content\/uploads\/2024\/09\/457381295_26592498750396293_8802748666976509879_n-768x654.jpg 768w, https:\/\/www.vulkanlandsternwarte.at\/wordpress\/wp-content\/uploads\/2024\/09\/457381295_26592498750396293_8802748666976509879_n.jpg 1424w\" sizes=\"auto, (max-width: 1024px) 100vw, 1024px\" \/><\/a><\/figure>\n\n\n\n<figure class=\"wp-block-image size-large\"><a href=\"https:\/\/www.vulkanlandsternwarte.at\/wordpress\/wp-content\/uploads\/2024\/09\/457569515_1194163931787995_4079190231141657539_n.jpg\"><img loading=\"lazy\" decoding=\"async\" width=\"1024\" height=\"616\" data-id=\"6204\" src=\"https:\/\/www.vulkanlandsternwarte.at\/wordpress\/wp-content\/uploads\/2024\/09\/457569515_1194163931787995_4079190231141657539_n-1024x616.jpg\" alt=\"\" class=\"wp-image-6204\" srcset=\"https:\/\/www.vulkanlandsternwarte.at\/wordpress\/wp-content\/uploads\/2024\/09\/457569515_1194163931787995_4079190231141657539_n-1024x616.jpg 1024w, https:\/\/www.vulkanlandsternwarte.at\/wordpress\/wp-content\/uploads\/2024\/09\/457569515_1194163931787995_4079190231141657539_n-300x180.jpg 300w, https:\/\/www.vulkanlandsternwarte.at\/wordpress\/wp-content\/uploads\/2024\/09\/457569515_1194163931787995_4079190231141657539_n-768x462.jpg 768w, https:\/\/www.vulkanlandsternwarte.at\/wordpress\/wp-content\/uploads\/2024\/09\/457569515_1194163931787995_4079190231141657539_n-1536x923.jpg 1536w, https:\/\/www.vulkanlandsternwarte.at\/wordpress\/wp-content\/uploads\/2024\/09\/457569515_1194163931787995_4079190231141657539_n-2000x1202.jpg 2000w, https:\/\/www.vulkanlandsternwarte.at\/wordpress\/wp-content\/uploads\/2024\/09\/457569515_1194163931787995_4079190231141657539_n.jpg 2048w\" sizes=\"auto, (max-width: 1024px) 100vw, 1024px\" \/><\/a><\/figure>\n\n\n\n<figure class=\"wp-block-image size-large\"><a href=\"https:\/\/www.vulkanlandsternwarte.at\/wordpress\/wp-content\/uploads\/2024\/09\/458617094_1055214425939040_3860967880018917645_n.jpg\"><img loading=\"lazy\" decoding=\"async\" width=\"768\" height=\"1024\" data-id=\"6202\" src=\"https:\/\/www.vulkanlandsternwarte.at\/wordpress\/wp-content\/uploads\/2024\/09\/458617094_1055214425939040_3860967880018917645_n-768x1024.jpg\" alt=\"\" class=\"wp-image-6202\" srcset=\"https:\/\/www.vulkanlandsternwarte.at\/wordpress\/wp-content\/uploads\/2024\/09\/458617094_1055214425939040_3860967880018917645_n-768x1024.jpg 768w, https:\/\/www.vulkanlandsternwarte.at\/wordpress\/wp-content\/uploads\/2024\/09\/458617094_1055214425939040_3860967880018917645_n-225x300.jpg 225w, https:\/\/www.vulkanlandsternwarte.at\/wordpress\/wp-content\/uploads\/2024\/09\/458617094_1055214425939040_3860967880018917645_n-1152x1536.jpg 1152w, https:\/\/www.vulkanlandsternwarte.at\/wordpress\/wp-content\/uploads\/2024\/09\/458617094_1055214425939040_3860967880018917645_n.jpg 1170w\" sizes=\"auto, (max-width: 768px) 100vw, 768px\" \/><\/a><\/figure>\n\n\n\n<figure class=\"wp-block-image size-large\"><a href=\"https:\/\/www.vulkanlandsternwarte.at\/wordpress\/wp-content\/uploads\/2024\/09\/459175116_8504159202948813_6796747576323622390_n.jpg\"><img loading=\"lazy\" decoding=\"async\" width=\"1024\" height=\"845\" data-id=\"6203\" src=\"https:\/\/www.vulkanlandsternwarte.at\/wordpress\/wp-content\/uploads\/2024\/09\/459175116_8504159202948813_6796747576323622390_n-1024x845.jpg\" alt=\"\" class=\"wp-image-6203\" srcset=\"https:\/\/www.vulkanlandsternwarte.at\/wordpress\/wp-content\/uploads\/2024\/09\/459175116_8504159202948813_6796747576323622390_n-1024x845.jpg 1024w, https:\/\/www.vulkanlandsternwarte.at\/wordpress\/wp-content\/uploads\/2024\/09\/459175116_8504159202948813_6796747576323622390_n-300x247.jpg 300w, https:\/\/www.vulkanlandsternwarte.at\/wordpress\/wp-content\/uploads\/2024\/09\/459175116_8504159202948813_6796747576323622390_n-768x633.jpg 768w, https:\/\/www.vulkanlandsternwarte.at\/wordpress\/wp-content\/uploads\/2024\/09\/459175116_8504159202948813_6796747576323622390_n.jpg 1170w\" sizes=\"auto, (max-width: 1024px) 100vw, 1024px\" \/><\/a><\/figure>\n<\/figure>\n","protected":false},"excerpt":{"rendered":"<p>Hell gl\u00fchend spannt sich die Milchstra\u00dfe bogenf\u00f6rmig \u00fcber den Sommerhimmel. Ihn zu sehen ist leicht. Der Mensch hat dazu die besten Beobachtungsinstrumente immer mit dabei- seine Augen! Braucht man f\u00fcr die Beobachtung von Planeten hoch vergr\u00f6\u00dferte Teleskope, f\u00fcr die Fotografie von schwachen Nebeln eine exakte Nachf\u00fchrung, so kann kein Ger\u00e4t das Leuchten unserer Heimatgalaxie \u00fcber &hellip; <\/p>\n<p class=\"link-more\"><a href=\"https:\/\/www.vulkanlandsternwarte.at\/index.php\/wordpress\/2024\/09\/11\/das-helle-band-am-himmel\/\" class=\"more-link\">Read more<span class=\"screen-reader-text\"> &#8222;Das helle Band am Himmel&#8220;<\/span><\/a><\/p>\n","protected":false},"author":4,"featured_media":6203,"comment_status":"open","ping_status":"open","sticky":false,"template":"","format":"standard","meta":{"footnotes":""},"categories":[60],"tags":[],"class_list":["post-6200","post","type-post","status-publish","format-standard","has-post-thumbnail","hentry","category-milchstrasse"],"_links":{"self":[{"href":"https:\/\/www.vulkanlandsternwarte.at\/index.php\/wp-json\/wp\/v2\/posts\/6200","targetHints":{"allow":["GET"]}}],"collection":[{"href":"https:\/\/www.vulkanlandsternwarte.at\/index.php\/wp-json\/wp\/v2\/posts"}],"about":[{"href":"https:\/\/www.vulkanlandsternwarte.at\/index.php\/wp-json\/wp\/v2\/types\/post"}],"author":[{"embeddable":true,"href":"https:\/\/www.vulkanlandsternwarte.at\/index.php\/wp-json\/wp\/v2\/users\/4"}],"replies":[{"embeddable":true,"href":"https:\/\/www.vulkanlandsternwarte.at\/index.php\/wp-json\/wp\/v2\/comments?post=6200"}],"version-history":[{"count":1,"href":"https:\/\/www.vulkanlandsternwarte.at\/index.php\/wp-json\/wp\/v2\/posts\/6200\/revisions"}],"predecessor-version":[{"id":6205,"href":"https:\/\/www.vulkanlandsternwarte.at\/index.php\/wp-json\/wp\/v2\/posts\/6200\/revisions\/6205"}],"wp:featuredmedia":[{"embeddable":true,"href":"https:\/\/www.vulkanlandsternwarte.at\/index.php\/wp-json\/wp\/v2\/media\/6203"}],"wp:attachment":[{"href":"https:\/\/www.vulkanlandsternwarte.at\/index.php\/wp-json\/wp\/v2\/media?parent=6200"}],"wp:term":[{"taxonomy":"category","embeddable":true,"href":"https:\/\/www.vulkanlandsternwarte.at\/index.php\/wp-json\/wp\/v2\/categories?post=6200"},{"taxonomy":"post_tag","embeddable":true,"href":"https:\/\/www.vulkanlandsternwarte.at\/index.php\/wp-json\/wp\/v2\/tags?post=6200"}],"curies":[{"name":"wp","href":"https:\/\/api.w.org\/{rel}","templated":true}]}}