{"id":6523,"date":"2025-02-12T14:28:56","date_gmt":"2025-02-12T13:28:56","guid":{"rendered":"https:\/\/www.vulkanlandsternwarte.at\/?p=6523"},"modified":"2025-02-12T14:29:47","modified_gmt":"2025-02-12T13:29:47","slug":"die-sonne-im-februar","status":"publish","type":"post","link":"https:\/\/www.vulkanlandsternwarte.at\/index.php\/wordpress\/2025\/02\/12\/die-sonne-im-februar\/","title":{"rendered":"Die Sonne im Februar"},"content":{"rendered":"\n<p>Das Wetter hat uns Astrophotographen in den vergangenen Monaten wahrlich nicht verw\u00f6hnt &#8211; immer wieder Nebel, dichte Bew\u00f6lkung, selten, wie hier im Februar 2025, gab es die M\u00f6glichkeit einen Blick auf die Sonnenoberfl\u00e4che zu machen:<\/p>\n\n\n\n<figure class=\"wp-block-image size-large is-style-default\"><a href=\"https:\/\/www.vulkanlandsternwarte.at\/wordpress\/wp-content\/uploads\/2025\/02\/L1002297.jpg\"><img loading=\"lazy\" decoding=\"async\" width=\"1024\" height=\"1024\" src=\"https:\/\/www.vulkanlandsternwarte.at\/wordpress\/wp-content\/uploads\/2025\/02\/L1002297-1024x1024.jpg\" alt=\"\" class=\"wp-image-6524\" srcset=\"https:\/\/www.vulkanlandsternwarte.at\/wordpress\/wp-content\/uploads\/2025\/02\/L1002297-1024x1024.jpg 1024w, https:\/\/www.vulkanlandsternwarte.at\/wordpress\/wp-content\/uploads\/2025\/02\/L1002297-300x300.jpg 300w, https:\/\/www.vulkanlandsternwarte.at\/wordpress\/wp-content\/uploads\/2025\/02\/L1002297-150x150.jpg 150w, https:\/\/www.vulkanlandsternwarte.at\/wordpress\/wp-content\/uploads\/2025\/02\/L1002297-768x768.jpg 768w, https:\/\/www.vulkanlandsternwarte.at\/wordpress\/wp-content\/uploads\/2025\/02\/L1002297.jpg 1500w\" sizes=\"auto, (max-width: 1024px) 100vw, 1024px\" \/><\/a><figcaption>DSLM + Teleobjektiv + Baader Sonnenfilter<\/figcaption><\/figure>\n","protected":false},"excerpt":{"rendered":"<p>Das Wetter hat uns Astrophotographen in den vergangenen Monaten wahrlich nicht verw\u00f6hnt &#8211; immer wieder Nebel, dichte Bew\u00f6lkung, selten, wie hier im Februar 2025, gab es die M\u00f6glichkeit einen Blick auf die Sonnenoberfl\u00e4che zu machen:<\/p>\n","protected":false},"author":9,"featured_media":0,"comment_status":"closed","ping_status":"closed","sticky":false,"template":"","format":"image","meta":{"footnotes":""},"categories":[47],"tags":[],"class_list":["post-6523","post","type-post","status-publish","format-image","hentry","category-sonne","post_format-post-format-image"],"_links":{"self":[{"href":"https:\/\/www.vulkanlandsternwarte.at\/index.php\/wp-json\/wp\/v2\/posts\/6523","targetHints":{"allow":["GET"]}}],"collection":[{"href":"https:\/\/www.vulkanlandsternwarte.at\/index.php\/wp-json\/wp\/v2\/posts"}],"about":[{"href":"https:\/\/www.vulkanlandsternwarte.at\/index.php\/wp-json\/wp\/v2\/types\/post"}],"author":[{"embeddable":true,"href":"https:\/\/www.vulkanlandsternwarte.at\/index.php\/wp-json\/wp\/v2\/users\/9"}],"replies":[{"embeddable":true,"href":"https:\/\/www.vulkanlandsternwarte.at\/index.php\/wp-json\/wp\/v2\/comments?post=6523"}],"version-history":[{"count":2,"href":"https:\/\/www.vulkanlandsternwarte.at\/index.php\/wp-json\/wp\/v2\/posts\/6523\/revisions"}],"predecessor-version":[{"id":6526,"href":"https:\/\/www.vulkanlandsternwarte.at\/index.php\/wp-json\/wp\/v2\/posts\/6523\/revisions\/6526"}],"wp:attachment":[{"href":"https:\/\/www.vulkanlandsternwarte.at\/index.php\/wp-json\/wp\/v2\/media?parent=6523"}],"wp:term":[{"taxonomy":"category","embeddable":true,"href":"https:\/\/www.vulkanlandsternwarte.at\/index.php\/wp-json\/wp\/v2\/categories?post=6523"},{"taxonomy":"post_tag","embeddable":true,"href":"https:\/\/www.vulkanlandsternwarte.at\/index.php\/wp-json\/wp\/v2\/tags?post=6523"}],"curies":[{"name":"wp","href":"https:\/\/api.w.org\/{rel}","templated":true}]}}