{"id":6924,"date":"2025-08-09T14:47:00","date_gmt":"2025-08-09T12:47:00","guid":{"rendered":"https:\/\/www.vulkanlandsternwarte.at\/?p=6924"},"modified":"2025-08-09T14:47:01","modified_gmt":"2025-08-09T12:47:01","slug":"aktive-sonne-am-9-august","status":"publish","type":"post","link":"https:\/\/www.vulkanlandsternwarte.at\/index.php\/wordpress\/2025\/08\/09\/aktive-sonne-am-9-august\/","title":{"rendered":"Aktive Sonne am 9. August"},"content":{"rendered":"\n<p>Zwei sch\u00f6ne, aktive Fleckengruppen gab es am Vormittag des 9. August 2025 im <br>Nordwesten der Sonne im Licht der Wasserstoffemissionslinie bei 656nm zu sehen.<br>Die Aktivit\u00e4t, die Anzahl der Flares der Klassen M + X nimmt weiterhin ab, aber ein bis zwei Jahre lang werden wir uns noch \u00fcber die eine oder andere Fleckengruppe freuen k\u00f6nnen.<\/p>\n\n\n\n<figure class=\"wp-block-image size-large is-resized is-style-default\"><a href=\"https:\/\/www.vulkanlandsternwarte.at\/wordpress\/wp-content\/uploads\/2025\/08\/2025-08-09-0835_UT_Sun_IMPPG.jpg\"><img loading=\"lazy\" decoding=\"async\" src=\"https:\/\/www.vulkanlandsternwarte.at\/wordpress\/wp-content\/uploads\/2025\/08\/2025-08-09-0835_UT_Sun_IMPPG-1024x620.jpg\" alt=\"\" class=\"wp-image-6925\" width=\"768\" height=\"465\" srcset=\"https:\/\/www.vulkanlandsternwarte.at\/wordpress\/wp-content\/uploads\/2025\/08\/2025-08-09-0835_UT_Sun_IMPPG-1024x620.jpg 1024w, https:\/\/www.vulkanlandsternwarte.at\/wordpress\/wp-content\/uploads\/2025\/08\/2025-08-09-0835_UT_Sun_IMPPG-300x182.jpg 300w, https:\/\/www.vulkanlandsternwarte.at\/wordpress\/wp-content\/uploads\/2025\/08\/2025-08-09-0835_UT_Sun_IMPPG-768x465.jpg 768w, https:\/\/www.vulkanlandsternwarte.at\/wordpress\/wp-content\/uploads\/2025\/08\/2025-08-09-0835_UT_Sun_IMPPG-1536x929.jpg 1536w, https:\/\/www.vulkanlandsternwarte.at\/wordpress\/wp-content\/uploads\/2025\/08\/2025-08-09-0835_UT_Sun_IMPPG.jpg 1904w\" sizes=\"auto, (max-width: 768px) 100vw, 768px\" \/><\/a><\/figure>\n","protected":false},"excerpt":{"rendered":"<p>Zwei sch\u00f6ne, aktive Fleckengruppen gab es am Vormittag des 9. August 2025 im Nordwesten der Sonne im Licht der Wasserstoffemissionslinie bei 656nm zu sehen.Die Aktivit\u00e4t, die Anzahl der Flares der Klassen M + X nimmt weiterhin ab, aber ein bis zwei Jahre lang werden wir uns noch \u00fcber die eine oder andere Fleckengruppe freuen k\u00f6nnen.<\/p>\n","protected":false},"author":9,"featured_media":0,"comment_status":"closed","ping_status":"closed","sticky":false,"template":"","format":"image","meta":{"footnotes":""},"categories":[8],"tags":[],"class_list":["post-6924","post","type-post","status-publish","format-image","hentry","category-sonnenbeobachtung","post_format-post-format-image"],"_links":{"self":[{"href":"https:\/\/www.vulkanlandsternwarte.at\/index.php\/wp-json\/wp\/v2\/posts\/6924","targetHints":{"allow":["GET"]}}],"collection":[{"href":"https:\/\/www.vulkanlandsternwarte.at\/index.php\/wp-json\/wp\/v2\/posts"}],"about":[{"href":"https:\/\/www.vulkanlandsternwarte.at\/index.php\/wp-json\/wp\/v2\/types\/post"}],"author":[{"embeddable":true,"href":"https:\/\/www.vulkanlandsternwarte.at\/index.php\/wp-json\/wp\/v2\/users\/9"}],"replies":[{"embeddable":true,"href":"https:\/\/www.vulkanlandsternwarte.at\/index.php\/wp-json\/wp\/v2\/comments?post=6924"}],"version-history":[{"count":1,"href":"https:\/\/www.vulkanlandsternwarte.at\/index.php\/wp-json\/wp\/v2\/posts\/6924\/revisions"}],"predecessor-version":[{"id":6926,"href":"https:\/\/www.vulkanlandsternwarte.at\/index.php\/wp-json\/wp\/v2\/posts\/6924\/revisions\/6926"}],"wp:attachment":[{"href":"https:\/\/www.vulkanlandsternwarte.at\/index.php\/wp-json\/wp\/v2\/media?parent=6924"}],"wp:term":[{"taxonomy":"category","embeddable":true,"href":"https:\/\/www.vulkanlandsternwarte.at\/index.php\/wp-json\/wp\/v2\/categories?post=6924"},{"taxonomy":"post_tag","embeddable":true,"href":"https:\/\/www.vulkanlandsternwarte.at\/index.php\/wp-json\/wp\/v2\/tags?post=6924"}],"curies":[{"name":"wp","href":"https:\/\/api.w.org\/{rel}","templated":true}]}}