{"id":6979,"date":"2025-08-24T16:43:35","date_gmt":"2025-08-24T14:43:35","guid":{"rendered":"https:\/\/www.vulkanlandsternwarte.at\/?p=6979"},"modified":"2025-08-25T13:40:59","modified_gmt":"2025-08-25T11:40:59","slug":"neues-im-osten-24-august-2025","status":"publish","type":"post","link":"https:\/\/www.vulkanlandsternwarte.at\/index.php\/wordpress\/2025\/08\/24\/neues-im-osten-24-august-2025\/","title":{"rendered":"Neues im Osten &#8211; 24. August 2025"},"content":{"rendered":"\n<p>Eine gro\u00dfe, schnell wachsende Fleckengruppe bewegt sich aktuell im Osten beginnend \u00fcber die Sonnenoberfl\u00e4che. Sie k\u00f6nnte dann ein Kandidat f\u00fcr Sonnenst\u00fcrme der Kategorie M, vielleicht sogar X werden.<\/p>\n\n\n\n<figure class=\"wp-block-image size-large is-resized is-style-default\"><a href=\"https:\/\/www.vulkanlandsternwarte.at\/wordpress\/wp-content\/uploads\/2025\/08\/2025-08-24-0832_UT_Sun_IMPPG_AS_PS.jpg\"><img loading=\"lazy\" decoding=\"async\" src=\"https:\/\/www.vulkanlandsternwarte.at\/wordpress\/wp-content\/uploads\/2025\/08\/2025-08-24-0832_UT_Sun_IMPPG_AS_PS-1024x546.jpg\" alt=\"\" class=\"wp-image-6980\" width=\"768\" height=\"410\" srcset=\"https:\/\/www.vulkanlandsternwarte.at\/wordpress\/wp-content\/uploads\/2025\/08\/2025-08-24-0832_UT_Sun_IMPPG_AS_PS-1024x546.jpg 1024w, https:\/\/www.vulkanlandsternwarte.at\/wordpress\/wp-content\/uploads\/2025\/08\/2025-08-24-0832_UT_Sun_IMPPG_AS_PS-300x160.jpg 300w, https:\/\/www.vulkanlandsternwarte.at\/wordpress\/wp-content\/uploads\/2025\/08\/2025-08-24-0832_UT_Sun_IMPPG_AS_PS-768x410.jpg 768w, https:\/\/www.vulkanlandsternwarte.at\/wordpress\/wp-content\/uploads\/2025\/08\/2025-08-24-0832_UT_Sun_IMPPG_AS_PS-1536x820.jpg 1536w, https:\/\/www.vulkanlandsternwarte.at\/wordpress\/wp-content\/uploads\/2025\/08\/2025-08-24-0832_UT_Sun_IMPPG_AS_PS.jpg 1904w\" sizes=\"auto, (max-width: 768px) 100vw, 768px\" \/><\/a><figcaption>AR4191<\/figcaption><\/figure>\n","protected":false},"excerpt":{"rendered":"<p>Eine gro\u00dfe, schnell wachsende Fleckengruppe bewegt sich aktuell im Osten beginnend \u00fcber die Sonnenoberfl\u00e4che. Sie k\u00f6nnte dann ein Kandidat f\u00fcr Sonnenst\u00fcrme der Kategorie M, vielleicht sogar X werden.<\/p>\n","protected":false},"author":9,"featured_media":0,"comment_status":"closed","ping_status":"closed","sticky":false,"template":"","format":"image","meta":{"footnotes":""},"categories":[8],"tags":[],"class_list":["post-6979","post","type-post","status-publish","format-image","hentry","category-sonnenbeobachtung","post_format-post-format-image"],"_links":{"self":[{"href":"https:\/\/www.vulkanlandsternwarte.at\/index.php\/wp-json\/wp\/v2\/posts\/6979","targetHints":{"allow":["GET"]}}],"collection":[{"href":"https:\/\/www.vulkanlandsternwarte.at\/index.php\/wp-json\/wp\/v2\/posts"}],"about":[{"href":"https:\/\/www.vulkanlandsternwarte.at\/index.php\/wp-json\/wp\/v2\/types\/post"}],"author":[{"embeddable":true,"href":"https:\/\/www.vulkanlandsternwarte.at\/index.php\/wp-json\/wp\/v2\/users\/9"}],"replies":[{"embeddable":true,"href":"https:\/\/www.vulkanlandsternwarte.at\/index.php\/wp-json\/wp\/v2\/comments?post=6979"}],"version-history":[{"count":2,"href":"https:\/\/www.vulkanlandsternwarte.at\/index.php\/wp-json\/wp\/v2\/posts\/6979\/revisions"}],"predecessor-version":[{"id":6993,"href":"https:\/\/www.vulkanlandsternwarte.at\/index.php\/wp-json\/wp\/v2\/posts\/6979\/revisions\/6993"}],"wp:attachment":[{"href":"https:\/\/www.vulkanlandsternwarte.at\/index.php\/wp-json\/wp\/v2\/media?parent=6979"}],"wp:term":[{"taxonomy":"category","embeddable":true,"href":"https:\/\/www.vulkanlandsternwarte.at\/index.php\/wp-json\/wp\/v2\/categories?post=6979"},{"taxonomy":"post_tag","embeddable":true,"href":"https:\/\/www.vulkanlandsternwarte.at\/index.php\/wp-json\/wp\/v2\/tags?post=6979"}],"curies":[{"name":"wp","href":"https:\/\/api.w.org\/{rel}","templated":true}]}}