{"id":7590,"date":"2026-05-01T15:52:20","date_gmt":"2026-05-01T13:52:20","guid":{"rendered":"https:\/\/www.vulkanlandsternwarte.at\/?p=7590"},"modified":"2026-05-01T15:52:22","modified_gmt":"2026-05-01T13:52:22","slug":"sonnenfeuer-am-1-mai-2026","status":"publish","type":"post","link":"https:\/\/www.vulkanlandsternwarte.at\/index.php\/wordpress\/2026\/05\/01\/sonnenfeuer-am-1-mai-2026\/","title":{"rendered":"Sonnenfeuer am 1. Mai 2026"},"content":{"rendered":"\n<p>Das Maximum vom 25. Sonnenzyklus ist zwar schon knapp 2 Jahre vorbei, aber noch gibt es ab und an etwas &#8222;\u00c4ktschn&#8220; auf der Oberfl\u00e4che unseres Zentralgestirns im Licht der Wasserstoffemissionslinie zu beobachten.<br>K\u00fchlere, dunklere Sonnenfleckengruppen als auch Plasmaausw\u00fcrfe am Sonnenrand &#8211; die Protuberanzen nebst den zarten, feinen Spikulen, ihrerseits mehrere Hundert Kilometer hoch.<\/p>\n\n\n\n<figure class=\"wp-block-gallery has-nested-images columns-default is-cropped wp-block-gallery-1 is-layout-flex wp-block-gallery-is-layout-flex\">\n<figure class=\"wp-block-image size-large\"><a href=\"https:\/\/www.vulkanlandsternwarte.at\/wordpress\/wp-content\/uploads\/2026\/05\/2026-05-01-0741_UT-Sun.jpg\"><img loading=\"lazy\" decoding=\"async\" width=\"984\" height=\"680\" data-id=\"7591\" src=\"https:\/\/www.vulkanlandsternwarte.at\/wordpress\/wp-content\/uploads\/2026\/05\/2026-05-01-0741_UT-Sun.jpg\" alt=\"\" class=\"wp-image-7591\" srcset=\"https:\/\/www.vulkanlandsternwarte.at\/wordpress\/wp-content\/uploads\/2026\/05\/2026-05-01-0741_UT-Sun.jpg 984w, https:\/\/www.vulkanlandsternwarte.at\/wordpress\/wp-content\/uploads\/2026\/05\/2026-05-01-0741_UT-Sun-300x207.jpg 300w, https:\/\/www.vulkanlandsternwarte.at\/wordpress\/wp-content\/uploads\/2026\/05\/2026-05-01-0741_UT-Sun-768x531.jpg 768w\" sizes=\"auto, (max-width: 984px) 100vw, 984px\" \/><\/a><\/figure>\n\n\n\n<figure class=\"wp-block-image size-large\"><a href=\"https:\/\/www.vulkanlandsternwarte.at\/wordpress\/wp-content\/uploads\/2026\/05\/2026-05-01-0742_UT-Sun.jpg\"><img loading=\"lazy\" decoding=\"async\" width=\"984\" height=\"680\" data-id=\"7592\" src=\"https:\/\/www.vulkanlandsternwarte.at\/wordpress\/wp-content\/uploads\/2026\/05\/2026-05-01-0742_UT-Sun.jpg\" alt=\"\" class=\"wp-image-7592\" srcset=\"https:\/\/www.vulkanlandsternwarte.at\/wordpress\/wp-content\/uploads\/2026\/05\/2026-05-01-0742_UT-Sun.jpg 984w, https:\/\/www.vulkanlandsternwarte.at\/wordpress\/wp-content\/uploads\/2026\/05\/2026-05-01-0742_UT-Sun-300x207.jpg 300w, https:\/\/www.vulkanlandsternwarte.at\/wordpress\/wp-content\/uploads\/2026\/05\/2026-05-01-0742_UT-Sun-768x531.jpg 768w\" sizes=\"auto, (max-width: 984px) 100vw, 984px\" \/><\/a><\/figure>\n\n\n\n<figure class=\"wp-block-image size-large\"><a href=\"https:\/\/www.vulkanlandsternwarte.at\/wordpress\/wp-content\/uploads\/2026\/05\/2026-05-01-0826_UT-Sun.jpg\"><img loading=\"lazy\" decoding=\"async\" width=\"1024\" height=\"695\" data-id=\"7593\" src=\"https:\/\/www.vulkanlandsternwarte.at\/wordpress\/wp-content\/uploads\/2026\/05\/2026-05-01-0826_UT-Sun-1024x695.jpg\" alt=\"\" class=\"wp-image-7593\" srcset=\"https:\/\/www.vulkanlandsternwarte.at\/wordpress\/wp-content\/uploads\/2026\/05\/2026-05-01-0826_UT-Sun-1024x695.jpg 1024w, https:\/\/www.vulkanlandsternwarte.at\/wordpress\/wp-content\/uploads\/2026\/05\/2026-05-01-0826_UT-Sun-300x204.jpg 300w, https:\/\/www.vulkanlandsternwarte.at\/wordpress\/wp-content\/uploads\/2026\/05\/2026-05-01-0826_UT-Sun-768x521.jpg 768w, https:\/\/www.vulkanlandsternwarte.at\/wordpress\/wp-content\/uploads\/2026\/05\/2026-05-01-0826_UT-Sun-1536x1042.jpg 1536w, https:\/\/www.vulkanlandsternwarte.at\/wordpress\/wp-content\/uploads\/2026\/05\/2026-05-01-0826_UT-Sun.jpg 1592w\" sizes=\"auto, (max-width: 1024px) 100vw, 1024px\" \/><\/a><\/figure>\n<\/figure>\n","protected":false},"excerpt":{"rendered":"<p>Das Maximum vom 25. Sonnenzyklus ist zwar schon knapp 2 Jahre vorbei, aber noch gibt es ab und an etwas &#8222;\u00c4ktschn&#8220; auf der Oberfl\u00e4che unseres Zentralgestirns im Licht der Wasserstoffemissionslinie zu beobachten.K\u00fchlere, dunklere Sonnenfleckengruppen als auch Plasmaausw\u00fcrfe am Sonnenrand &#8211; die Protuberanzen nebst den zarten, feinen Spikulen, ihrerseits mehrere Hundert Kilometer hoch.<\/p>\n","protected":false},"author":9,"featured_media":7591,"comment_status":"closed","ping_status":"open","sticky":false,"template":"","format":"standard","meta":{"footnotes":""},"categories":[8],"tags":[],"class_list":["post-7590","post","type-post","status-publish","format-standard","has-post-thumbnail","hentry","category-sonnenbeobachtung"],"_links":{"self":[{"href":"https:\/\/www.vulkanlandsternwarte.at\/index.php\/wp-json\/wp\/v2\/posts\/7590","targetHints":{"allow":["GET"]}}],"collection":[{"href":"https:\/\/www.vulkanlandsternwarte.at\/index.php\/wp-json\/wp\/v2\/posts"}],"about":[{"href":"https:\/\/www.vulkanlandsternwarte.at\/index.php\/wp-json\/wp\/v2\/types\/post"}],"author":[{"embeddable":true,"href":"https:\/\/www.vulkanlandsternwarte.at\/index.php\/wp-json\/wp\/v2\/users\/9"}],"replies":[{"embeddable":true,"href":"https:\/\/www.vulkanlandsternwarte.at\/index.php\/wp-json\/wp\/v2\/comments?post=7590"}],"version-history":[{"count":1,"href":"https:\/\/www.vulkanlandsternwarte.at\/index.php\/wp-json\/wp\/v2\/posts\/7590\/revisions"}],"predecessor-version":[{"id":7594,"href":"https:\/\/www.vulkanlandsternwarte.at\/index.php\/wp-json\/wp\/v2\/posts\/7590\/revisions\/7594"}],"wp:featuredmedia":[{"embeddable":true,"href":"https:\/\/www.vulkanlandsternwarte.at\/index.php\/wp-json\/wp\/v2\/media\/7591"}],"wp:attachment":[{"href":"https:\/\/www.vulkanlandsternwarte.at\/index.php\/wp-json\/wp\/v2\/media?parent=7590"}],"wp:term":[{"taxonomy":"category","embeddable":true,"href":"https:\/\/www.vulkanlandsternwarte.at\/index.php\/wp-json\/wp\/v2\/categories?post=7590"},{"taxonomy":"post_tag","embeddable":true,"href":"https:\/\/www.vulkanlandsternwarte.at\/index.php\/wp-json\/wp\/v2\/tags?post=7590"}],"curies":[{"name":"wp","href":"https:\/\/api.w.org\/{rel}","templated":true}]}}