{"id":968,"date":"2018-09-16T18:01:40","date_gmt":"2018-09-16T16:01:40","guid":{"rendered":"http:\/\/www.vulkanlandsternwarte.at\/?p=968"},"modified":"2019-02-26T20:53:26","modified_gmt":"2019-02-26T19:53:26","slug":"adlernebel-messier-16-die-saeulen-der-schoepfung","status":"publish","type":"post","link":"https:\/\/www.vulkanlandsternwarte.at\/index.php\/wordpress\/2018\/09\/16\/adlernebel-messier-16-die-saeulen-der-schoepfung\/","title":{"rendered":"Adlernebel Messier 16 &#8211; die S\u00e4ulen der Sch\u00f6pfung"},"content":{"rendered":"<p>F\u00fcr mich eines der sch\u00f6nsten Objeket am Himmel, die S\u00e4ulen der Sch\u00f6pfung im Adlernebel.<\/p>\n<p><img loading=\"lazy\" decoding=\"async\" class=\"aligncenter size-full wp-image-971\" src=\"https:\/\/www.vulkanlandsternwarte.at\/wordpress\/wp-content\/uploads\/2018\/09\/40108437_2069166313114833_2921206596031741952_n.jpg\" alt=\"\" width=\"296\" height=\"265\" \/><\/p>\n<p><!--more-->Die S\u00e4ulen der Sch\u00f6pfung im 7.000 Lichtjahre entfernten Adlernebel. Die S\u00e4ulen m\u00fcssten durch die hei\u00dfen Sterne oberhalb verdampft sein. Doch in ihrem Inneren entstehen neue Sterne und sch\u00fctzen die S\u00e4ulen vor dem Verdampfen. Die Hubble Aufnahme dieser Gegend hat mich wieder zur Astronomie zur\u00fcckgebracht. 80\/480 Teleskop mit einer Canon 700da, 77 x 2 Minuten Belichtungszeit<\/p>\n<div id='gallery-1' class='gallery galleryid-968 gallery-columns-3 gallery-size-thumbnail'><figure class='gallery-item'>\n\t\t\t<div class='gallery-icon landscape'>\n\t\t\t\t<a href='https:\/\/www.vulkanlandsternwarte.at\/index.php\/wordpress\/2018\/09\/16\/adlernebel-messier-16-die-saeulen-der-schoepfung\/integration_roh_577_allfiles_abe_kleinera_starsmaller-2\/'><img loading=\"lazy\" decoding=\"async\" width=\"150\" height=\"150\" src=\"https:\/\/www.vulkanlandsternwarte.at\/wordpress\/wp-content\/uploads\/2018\/09\/integration_roh_577_allfiles_ABE_kleinera_starsmaller-1-150x150.jpg\" class=\"attachment-thumbnail size-thumbnail\" alt=\"\" srcset=\"https:\/\/www.vulkanlandsternwarte.at\/wordpress\/wp-content\/uploads\/2018\/09\/integration_roh_577_allfiles_ABE_kleinera_starsmaller-1-150x150.jpg 150w, https:\/\/www.vulkanlandsternwarte.at\/wordpress\/wp-content\/uploads\/2018\/09\/integration_roh_577_allfiles_ABE_kleinera_starsmaller-1-100x100.jpg 100w\" sizes=\"auto, 100vw\" \/><\/a>\n\t\t\t<\/div><\/figure><figure class='gallery-item'>\n\t\t\t<div class='gallery-icon landscape'>\n\t\t\t\t<a href='https:\/\/www.vulkanlandsternwarte.at\/index.php\/wordpress\/2018\/09\/16\/adlernebel-messier-16-die-saeulen-der-schoepfung\/40108437_2069166313114833_2921206596031741952_n\/'><img loading=\"lazy\" decoding=\"async\" width=\"150\" height=\"150\" src=\"https:\/\/www.vulkanlandsternwarte.at\/wordpress\/wp-content\/uploads\/2018\/09\/40108437_2069166313114833_2921206596031741952_n-150x150.jpg\" class=\"attachment-thumbnail size-thumbnail\" alt=\"\" srcset=\"https:\/\/www.vulkanlandsternwarte.at\/wordpress\/wp-content\/uploads\/2018\/09\/40108437_2069166313114833_2921206596031741952_n-150x150.jpg 150w, https:\/\/www.vulkanlandsternwarte.at\/wordpress\/wp-content\/uploads\/2018\/09\/40108437_2069166313114833_2921206596031741952_n-100x100.jpg 100w\" sizes=\"auto, 100vw\" \/><\/a>\n\t\t\t<\/div><\/figure>\n\t\t<\/div>\n\n<p>&nbsp;<\/p>\n<p><img loading=\"lazy\" decoding=\"async\" class=\"aligncenter size-large wp-image-981\" src=\"https:\/\/www.vulkanlandsternwarte.at\/wordpress\/wp-content\/uploads\/2018\/09\/integration_roh_577_allfiles_ABE_kleinera_starsmaller-1-1024x913.jpg\" alt=\"\" width=\"525\" height=\"468\" srcset=\"https:\/\/www.vulkanlandsternwarte.at\/wordpress\/wp-content\/uploads\/2018\/09\/integration_roh_577_allfiles_ABE_kleinera_starsmaller-1-1024x913.jpg 1024w, https:\/\/www.vulkanlandsternwarte.at\/wordpress\/wp-content\/uploads\/2018\/09\/integration_roh_577_allfiles_ABE_kleinera_starsmaller-1-300x268.jpg 300w, https:\/\/www.vulkanlandsternwarte.at\/wordpress\/wp-content\/uploads\/2018\/09\/integration_roh_577_allfiles_ABE_kleinera_starsmaller-1-768x685.jpg 768w, https:\/\/www.vulkanlandsternwarte.at\/wordpress\/wp-content\/uploads\/2018\/09\/integration_roh_577_allfiles_ABE_kleinera_starsmaller-1.jpg 1146w\" sizes=\"auto, (max-width: 525px) 100vw, 525px\" \/><\/p>\n<p><img loading=\"lazy\" decoding=\"async\" class=\"aligncenter size-large wp-image-969\" style=\"background-color: transparent; color: #333333; display: block; font-family: &amp;quot; libre franklin&amp;quot;,&amp;quot;helvetica neue&amp;quot;,helvetica,arial,sans-serif; font-size: 16px; font-style: normal; font-variant: normal; font-weight: 400; height: 517.12px; letter-spacing: normal; margin-left: 0px; margin-right: 0px; max-width: 580px; orphans: 2; outline-color: #72777c; outline-style: solid; outline-width: 1px; text-align: left; text-decoration: none; text-indent: 0px; text-transform: none; -webkit-text-stroke-width: 0px; white-space: normal; width: 580px; word-spacing: 0px;\" src=\"https:\/\/www.vulkanlandsternwarte.at\/wordpress\/wp-content\/uploads\/2018\/09\/integration_roh_577_allfiles_ABE_kleinera_starsmaller-1024x913.jpg\" alt=\"\" width=\"525\" height=\"468\" srcset=\"https:\/\/www.vulkanlandsternwarte.at\/wordpress\/wp-content\/uploads\/2018\/09\/integration_roh_577_allfiles_ABE_kleinera_starsmaller-1024x913.jpg 1024w, https:\/\/www.vulkanlandsternwarte.at\/wordpress\/wp-content\/uploads\/2018\/09\/integration_roh_577_allfiles_ABE_kleinera_starsmaller-300x268.jpg 300w, https:\/\/www.vulkanlandsternwarte.at\/wordpress\/wp-content\/uploads\/2018\/09\/integration_roh_577_allfiles_ABE_kleinera_starsmaller-768x685.jpg 768w, https:\/\/www.vulkanlandsternwarte.at\/wordpress\/wp-content\/uploads\/2018\/09\/integration_roh_577_allfiles_ABE_kleinera_starsmaller.jpg 1146w\" sizes=\"auto, (max-width: 525px) 100vw, 525px\" \/><\/p>\n<p>&nbsp;<\/p>\n","protected":false},"excerpt":{"rendered":"<p>F\u00fcr mich eines der sch\u00f6nsten Objeket am Himmel, die S\u00e4ulen der Sch\u00f6pfung im Adlernebel.<\/p>\n","protected":false},"author":4,"featured_media":0,"comment_status":"open","ping_status":"open","sticky":false,"template":"","format":"standard","meta":{"footnotes":""},"categories":[6],"tags":[],"class_list":["post-968","post","type-post","status-publish","format-standard","hentry","category-beobachtungen"],"_links":{"self":[{"href":"https:\/\/www.vulkanlandsternwarte.at\/index.php\/wp-json\/wp\/v2\/posts\/968","targetHints":{"allow":["GET"]}}],"collection":[{"href":"https:\/\/www.vulkanlandsternwarte.at\/index.php\/wp-json\/wp\/v2\/posts"}],"about":[{"href":"https:\/\/www.vulkanlandsternwarte.at\/index.php\/wp-json\/wp\/v2\/types\/post"}],"author":[{"embeddable":true,"href":"https:\/\/www.vulkanlandsternwarte.at\/index.php\/wp-json\/wp\/v2\/users\/4"}],"replies":[{"embeddable":true,"href":"https:\/\/www.vulkanlandsternwarte.at\/index.php\/wp-json\/wp\/v2\/comments?post=968"}],"version-history":[{"count":8,"href":"https:\/\/www.vulkanlandsternwarte.at\/index.php\/wp-json\/wp\/v2\/posts\/968\/revisions"}],"predecessor-version":[{"id":988,"href":"https:\/\/www.vulkanlandsternwarte.at\/index.php\/wp-json\/wp\/v2\/posts\/968\/revisions\/988"}],"wp:attachment":[{"href":"https:\/\/www.vulkanlandsternwarte.at\/index.php\/wp-json\/wp\/v2\/media?parent=968"}],"wp:term":[{"taxonomy":"category","embeddable":true,"href":"https:\/\/www.vulkanlandsternwarte.at\/index.php\/wp-json\/wp\/v2\/categories?post=968"},{"taxonomy":"post_tag","embeddable":true,"href":"https:\/\/www.vulkanlandsternwarte.at\/index.php\/wp-json\/wp\/v2\/tags?post=968"}],"curies":[{"name":"wp","href":"https:\/\/api.w.org\/{rel}","templated":true}]}}